{"id":181115,"date":"2021-05-05T10:03:38","date_gmt":"2021-05-05T08:03:38","guid":{"rendered":"https:\/\/zjarr.tv\/?p=181115"},"modified":"2021-05-05T10:03:38","modified_gmt":"2021-05-05T08:03:38","slug":"arti-shqiptar-ne-zi-ndahet-nga-jeta-aktori-guljelm-radoja","status":"publish","type":"post","link":"https:\/\/zjarr.tv\/en\/arti-shqiptar-ne-zi-ndahet-nga-jeta-aktori-guljelm-radoja\/","title":{"rendered":"Arti shqiptar n\u00eb zi\/ Ndahet nga jeta aktori Guljelm Radoja\u2026"},"content":{"rendered":"<p style=\"line-height: 22.5pt; background: white; margin: 12.0pt 0in 6.0pt 0in;\"><span style=\"color: #404040;\">Djali i aktorit t\u00eb ndjer\u00eb Guljelm Radoja, Redi Radoja, ka dh\u00ebn\u00eb lajmin e trisht\u00eb se i ati ka humbur jet\u00ebn.<\/span><\/p>\n<p style=\"line-height: 22.5pt; background: white; margin: 12.0pt 0in 6.0pt 0in;\"><span style=\"color: #404040;\">Redi Radoja, shkruan se syt\u00eb e babait t\u00eb tij, do t\u00eb ndrijn\u00eb n\u00eb ballin e vajz\u00ebs, djalit, mbes\u00ebs dhe nipit t\u00eb vog\u00ebl.<\/span><\/p>\n<p style=\"line-height: 22.5pt; background: white; margin: 12.0pt 0in 6.0pt 0in;\"><strong><span style=\"color: #404040;\">Postimi i plot\u00eb:<\/span><\/strong><\/p>\n<p style=\"line-height: 22.5pt; background: white; margin: 12.0pt 0in 6.0pt 0in;\"><em><span style=\"color: #404040;\">Pushofsh n\u00eb paqe bab! Do ndrijn\u00eb akoma syt\u00eb e tu mbi ballin e vajz\u00ebs, djalit, mbesave dhe nipit t\u00eb vog\u00ebl \u2026Repose en paix papa \u2026Tes yeux continuent \u00e0 briller sur le front de tes enfants et petits-enfants.<\/span><\/em><\/p>\n<p style=\"line-height: 22.5pt; background: white; margin: 12.0pt 0in 6.0pt 0in;\"><span style=\"color: #404040;\">Aktori i njohur Guljelm Radoja, ka humbur jet\u00ebn si pasoj\u00eb e kovid-19, n\u00eb mosh\u00ebn 75-vje\u00e7are.<\/span><\/p>\n<p style=\"line-height: 22.5pt; background: white; margin: 12.0pt 0in 6.0pt 0in;\"><span style=\"color: #404040;\">Prej dy dit\u00ebsh ishte i intubuar, pasi gjendja e tij sh\u00ebndet\u00ebsore u p\u00ebrkeq\u00ebsua.\u00a0M\u00eb shum\u00eb se nj\u00eb muaj q\u00ebndroi n\u00eb spitalin e Durr\u00ebsit dhe m\u00eb pas u transferua tek spitali \u201cShefqet Ndroqi\u201d n\u00eb Tiran\u00eb.<\/span><\/p>","protected":false},"excerpt":{"rendered":"<p>Djali i aktorit t\u00eb ndjer\u00eb Guljelm Radoja, Redi Radoja, ka dh\u00ebn\u00eb lajmin e trisht\u00eb se i ati ka humbur jet\u00ebn. Redi Radoja, shkruan se syt\u00eb e babait t\u00eb tij, do t\u00eb ndrijn\u00eb n\u00eb ballin e vajz\u00ebs, djalit, mbes\u00ebs dhe nipit t\u00eb vog\u00ebl. Postimi i plot\u00eb: Pushofsh n\u00eb paqe bab! Do ndrijn\u00eb akoma syt\u00eb e tu [&hellip;]<\/p>\n","protected":false},"author":2016,"featured_media":181117,"comment_status":"closed","ping_status":"closed","sticky":false,"template":"","format":"standard","meta":{"footnotes":""},"categories":[241],"tags":[2885],"class_list":{"0":"post-181115","1":"post","2":"type-post","3":"status-publish","4":"format-standard","5":"has-post-thumbnail","7":"category-aktualitet","8":"tag-lajme-zjarr-ndahet-nga-jeta-aktori-guljelm-radoja-zjarr-tv"},"_links":{"self":[{"href":"https:\/\/zjarr.tv\/en\/wp-json\/wp\/v2\/posts\/181115","targetHints":{"allow":["GET"]}}],"collection":[{"href":"https:\/\/zjarr.tv\/en\/wp-json\/wp\/v2\/posts"}],"about":[{"href":"https:\/\/zjarr.tv\/en\/wp-json\/wp\/v2\/types\/post"}],"author":[{"embeddable":true,"href":"https:\/\/zjarr.tv\/en\/wp-json\/wp\/v2\/users\/2016"}],"replies":[{"embeddable":true,"href":"https:\/\/zjarr.tv\/en\/wp-json\/wp\/v2\/comments?post=181115"}],"version-history":[{"count":0,"href":"https:\/\/zjarr.tv\/en\/wp-json\/wp\/v2\/posts\/181115\/revisions"}],"wp:featuredmedia":[{"embeddable":true,"href":"https:\/\/zjarr.tv\/en\/wp-json\/wp\/v2\/media\/181117"}],"wp:attachment":[{"href":"https:\/\/zjarr.tv\/en\/wp-json\/wp\/v2\/media?parent=181115"}],"wp:term":[{"taxonomy":"category","embeddable":true,"href":"https:\/\/zjarr.tv\/en\/wp-json\/wp\/v2\/categories?post=181115"},{"taxonomy":"post_tag","embeddable":true,"href":"https:\/\/zjarr.tv\/en\/wp-json\/wp\/v2\/tags?post=181115"}],"curies":[{"name":"wp","href":"https:\/\/api.w.org\/{rel}","templated":true}]}}