{"id":182435,"date":"2021-05-14T19:18:14","date_gmt":"2021-05-14T17:18:14","guid":{"rendered":"https:\/\/zjarr.tv\/?p=182435"},"modified":"2021-05-14T19:18:14","modified_gmt":"2021-05-14T17:18:14","slug":"emri-kush-eshte-oficeri-i-renea-s-qe-u-kap-sot-me-kokaine-policia-e-kishte-ndjekur-prej-ditesh-dhe","status":"publish","type":"post","link":"https:\/\/zjarr.tv\/en\/emri-kush-eshte-oficeri-i-renea-s-qe-u-kap-sot-me-kokaine-policia-e-kishte-ndjekur-prej-ditesh-dhe\/","title":{"rendered":"EMRI\/ Kush \u00ebsht\u00eb oficeri i RENEA-s q\u00eb u kap sot me kokain\u00eb; policia e kishte ndjekur prej dit\u00ebsh dhe\u2026"},"content":{"rendered":"<p style=\"background: white; margin: 0in 0in 19.5pt 0in;\">Efektivi i RENEA-s q\u00eb u kap sot s\u00eb bashku me dy bashk\u00ebpun\u00ebtor\u00ebt e tij \u00ebsht\u00eb Xhulio Li\u00e7i.<\/p>\n<p style=\"background: white; -webkit-tap-highlight-color: transparent !important; box-sizing: border-box; overflow-wrap: break-word; font-variant-ligatures: normal; font-variant-caps: normal; orphans: 2; widows: 2; -webkit-text-stroke-width: 0px; text-decoration-thickness: initial; text-decoration-style: initial; text-decoration-color: initial; word-spacing: 0px; margin: 0in 0in 19.5pt 0in;\">Ai \u00ebsht\u00eb kapur n\u00eb flagranc\u00eb duke e transportuar n\u00eb Tiran\u00eb nd\u00ebrsa operacioni \u00ebsht\u00eb zhvilluar nga Drejtoria e Policis\u00eb s\u00eb Tiran\u00ebs. Ka qen\u00eb SH\u00c7BA e cila prej nj\u00eb jave e ka pasur n\u00ebn mbikqyrje Xhulio Li\u00e7in.<\/p>\n<p style=\"background: white; -webkit-tap-highlight-color: transparent !important; box-sizing: border-box; overflow-wrap: break-word; font-variant-ligatures: normal; font-variant-caps: normal; orphans: 2; widows: 2; -webkit-text-stroke-width: 0px; text-decoration-thickness: initial; text-decoration-style: initial; text-decoration-color: initial; word-spacing: 0px; margin: 0in 0in 19.5pt 0in;\">Koleg\u00ebt e tij e kan\u00eb ndjekur prej dit\u00ebsh deri n\u00eb momentin e arrestimit t\u00eb tij. \u00cbsht\u00eb sekuestruar kokaina dhe telefonat e t\u00eb arrestuarve si dhe po kontrollohen banesat e tyre, ku deri tani nuk \u00ebsht\u00eb gjetur asgj\u00eb e paligjshme.<\/p>\n<p style=\"background: white; -webkit-tap-highlight-color: transparent !important; box-sizing: border-box; overflow-wrap: break-word; font-variant-ligatures: normal; font-variant-caps: normal; orphans: 2; widows: 2; -webkit-text-stroke-width: 0px; text-decoration-thickness: initial; text-decoration-style: initial; text-decoration-color: initial; word-spacing: 0px; margin: 0in 0in 19.5pt 0in;\">Po vazhdojn\u00eb hetimet p\u00ebr t\u00eb par\u00eb kush jan\u00eb shit\u00ebsi, bler\u00ebsi apo dhe furnizuesi i l\u00ebnd\u00ebs narkotike. Mendohet se Li\u00e7i i sh\u00ebrbente trafikant\u00ebve duke transportuar l\u00ebnd\u00eb narkotike, pasi e kishte t\u00eb leht\u00eb t\u2019i shp\u00ebtonte postblloqeve, duke shfryt\u00ebzuar postin.<\/p>\n<p style=\"background: white; -webkit-tap-highlight-color: transparent !important; box-sizing: border-box; overflow-wrap: break-word; font-variant-ligatures: normal; font-variant-caps: normal; orphans: 2; widows: 2; -webkit-text-stroke-width: 0px; text-decoration-thickness: initial; text-decoration-style: initial; text-decoration-color: initial; word-spacing: 0px; margin: 0in 0in 19.5pt 0in;\">Burime p\u00ebr mediat b\u00ebjn\u00eb me dije se efektivi i RENEA-s ishte nj\u00eb nga m\u00eb t\u00eb mir\u00ebt e repartit ku b\u00ebnte pjes\u00eb.<\/p>","protected":false},"excerpt":{"rendered":"<p>Efektivi i RENEA-s q\u00eb u kap sot s\u00eb bashku me dy bashk\u00ebpun\u00ebtor\u00ebt e tij \u00ebsht\u00eb Xhulio Li\u00e7i. Ai \u00ebsht\u00eb kapur n\u00eb flagranc\u00eb duke e transportuar n\u00eb Tiran\u00eb nd\u00ebrsa operacioni \u00ebsht\u00eb zhvilluar nga Drejtoria e Policis\u00eb s\u00eb Tiran\u00ebs. Ka qen\u00eb SH\u00c7BA e cila prej nj\u00eb jave e ka pasur n\u00ebn mbikqyrje Xhulio Li\u00e7in. Koleg\u00ebt e tij [&hellip;]<\/p>\n","protected":false},"author":2030,"featured_media":182437,"comment_status":"closed","ping_status":"closed","sticky":false,"template":"","format":"standard","meta":{"footnotes":""},"categories":[241],"tags":[],"class_list":{"0":"post-182435","1":"post","2":"type-post","3":"status-publish","4":"format-standard","5":"has-post-thumbnail","7":"category-aktualitet"},"_links":{"self":[{"href":"https:\/\/zjarr.tv\/en\/wp-json\/wp\/v2\/posts\/182435","targetHints":{"allow":["GET"]}}],"collection":[{"href":"https:\/\/zjarr.tv\/en\/wp-json\/wp\/v2\/posts"}],"about":[{"href":"https:\/\/zjarr.tv\/en\/wp-json\/wp\/v2\/types\/post"}],"author":[{"embeddable":true,"href":"https:\/\/zjarr.tv\/en\/wp-json\/wp\/v2\/users\/2030"}],"replies":[{"embeddable":true,"href":"https:\/\/zjarr.tv\/en\/wp-json\/wp\/v2\/comments?post=182435"}],"version-history":[{"count":0,"href":"https:\/\/zjarr.tv\/en\/wp-json\/wp\/v2\/posts\/182435\/revisions"}],"wp:featuredmedia":[{"embeddable":true,"href":"https:\/\/zjarr.tv\/en\/wp-json\/wp\/v2\/media\/182437"}],"wp:attachment":[{"href":"https:\/\/zjarr.tv\/en\/wp-json\/wp\/v2\/media?parent=182435"}],"wp:term":[{"taxonomy":"category","embeddable":true,"href":"https:\/\/zjarr.tv\/en\/wp-json\/wp\/v2\/categories?post=182435"},{"taxonomy":"post_tag","embeddable":true,"href":"https:\/\/zjarr.tv\/en\/wp-json\/wp\/v2\/tags?post=182435"}],"curies":[{"name":"wp","href":"https:\/\/api.w.org\/{rel}","templated":true}]}}