{"id":182440,"date":"2021-05-14T20:15:16","date_gmt":"2021-05-14T18:15:16","guid":{"rendered":"https:\/\/zjarr.tv\/?p=182440"},"modified":"2021-05-14T20:15:16","modified_gmt":"2021-05-14T18:15:16","slug":"veliaj-vizite-ne-washington-takon-arvizu-mik-i-vjeter","status":"publish","type":"post","link":"https:\/\/zjarr.tv\/en\/veliaj-vizite-ne-washington-takon-arvizu-mik-i-vjeter\/","title":{"rendered":"Veliaj vizit\u00eb n\u00eb Washington, takon Arvizu: Mik i vjet\u00ebr"},"content":{"rendered":"<p>Kryetari i Bashkis\u00eb Erion Veliaj ka publikuar nj\u00eb foto nga Washington DC ku shfaqet bashk\u00eb me ish ambasadorin amerikan n\u00eb vendin ton\u00eb Alexander Arvizu.<\/p>\n<p>N\u00eb postimin e tij n\u00eb rrjete sociale, Veliaj shkruan: \u201c\u00cbsht\u00eb gjithmon\u00eb k\u00ebnaq\u00ebsi t\u00eb takohesh me nj\u00eb mik t\u00eb vjet\u00ebr, si ish ambasadori amerikan, Alexander Arvizu, n\u00eb Washington DC, n\u00eb dit\u00ebn e par\u00eb pa maska n\u00eb SHBA\u201d.<\/p>\n<p><img loading=\"lazy\" decoding=\"async\" class=\"alignnone size-medium wp-image-182441\" src=\"https:\/\/zjarr.tv\/wp-content\/uploads\/2021\/05\/ZJARR-TV-2021-05-14T201449.078-300x251.jpg\" alt=\"\" width=\"300\" height=\"251\" srcset=\"https:\/\/zjarr.tv\/wp-content\/uploads\/2021\/05\/ZJARR-TV-2021-05-14T201449.078-300x251.jpg 300w, https:\/\/zjarr.tv\/wp-content\/uploads\/2021\/05\/ZJARR-TV-2021-05-14T201449.078-768x644.jpg 768w, https:\/\/zjarr.tv\/wp-content\/uploads\/2021\/05\/ZJARR-TV-2021-05-14T201449.078-696x583.jpg 696w, https:\/\/zjarr.tv\/wp-content\/uploads\/2021\/05\/ZJARR-TV-2021-05-14T201449.078-501x420.jpg 501w, https:\/\/zjarr.tv\/wp-content\/uploads\/2021\/05\/ZJARR-TV-2021-05-14T201449.078.jpg 940w\" sizes=\"auto, (max-width: 300px) 100vw, 300px\" \/><\/p>","protected":false},"excerpt":{"rendered":"<p>Kryetari i Bashkis\u00eb Erion Veliaj ka publikuar nj\u00eb foto nga Washington DC ku shfaqet bashk\u00eb me ish ambasadorin amerikan n\u00eb vendin ton\u00eb Alexander Arvizu. N\u00eb postimin e tij n\u00eb rrjete sociale, Veliaj shkruan: \u201c\u00cbsht\u00eb gjithmon\u00eb k\u00ebnaq\u00ebsi t\u00eb takohesh me nj\u00eb mik t\u00eb vjet\u00ebr, si ish ambasadori amerikan, Alexander Arvizu, n\u00eb Washington DC, n\u00eb dit\u00ebn e [&hellip;]<\/p>\n","protected":false},"author":2030,"featured_media":182442,"comment_status":"closed","ping_status":"closed","sticky":false,"template":"","format":"standard","meta":{"footnotes":""},"categories":[241,1454],"tags":[],"class_list":{"0":"post-182440","1":"post","2":"type-post","3":"status-publish","4":"format-standard","5":"has-post-thumbnail","7":"category-aktualitet","8":"category-politike"},"_links":{"self":[{"href":"https:\/\/zjarr.tv\/en\/wp-json\/wp\/v2\/posts\/182440","targetHints":{"allow":["GET"]}}],"collection":[{"href":"https:\/\/zjarr.tv\/en\/wp-json\/wp\/v2\/posts"}],"about":[{"href":"https:\/\/zjarr.tv\/en\/wp-json\/wp\/v2\/types\/post"}],"author":[{"embeddable":true,"href":"https:\/\/zjarr.tv\/en\/wp-json\/wp\/v2\/users\/2030"}],"replies":[{"embeddable":true,"href":"https:\/\/zjarr.tv\/en\/wp-json\/wp\/v2\/comments?post=182440"}],"version-history":[{"count":0,"href":"https:\/\/zjarr.tv\/en\/wp-json\/wp\/v2\/posts\/182440\/revisions"}],"wp:featuredmedia":[{"embeddable":true,"href":"https:\/\/zjarr.tv\/en\/wp-json\/wp\/v2\/media\/182442"}],"wp:attachment":[{"href":"https:\/\/zjarr.tv\/en\/wp-json\/wp\/v2\/media?parent=182440"}],"wp:term":[{"taxonomy":"category","embeddable":true,"href":"https:\/\/zjarr.tv\/en\/wp-json\/wp\/v2\/categories?post=182440"},{"taxonomy":"post_tag","embeddable":true,"href":"https:\/\/zjarr.tv\/en\/wp-json\/wp\/v2\/tags?post=182440"}],"curies":[{"name":"wp","href":"https:\/\/api.w.org\/{rel}","templated":true}]}}