{"id":182822,"date":"2021-05-17T07:58:33","date_gmt":"2021-05-17T05:58:33","guid":{"rendered":"https:\/\/zjarr.tv\/?p=182822"},"modified":"2021-05-17T07:58:33","modified_gmt":"2021-05-17T05:58:33","slug":"mbaroi-fushata-mbaruan-dhe-vaksinat-kineze-qytetaret-te-irrituar-na-mashtruan","status":"publish","type":"post","link":"https:\/\/zjarr.tv\/en\/mbaroi-fushata-mbaruan-dhe-vaksinat-kineze-qytetaret-te-irrituar-na-mashtruan\/","title":{"rendered":"Mbaroi fushata, mbaruan dhe vaksinat kineze, qytetar\u00ebt t\u00eb irrituar: Na mashtruan\u2026"},"content":{"rendered":"<p>Me mbarimin e fushat\u00ebs, kan\u00eb mbaruar dhe vaksinat. Ky fakt \u00ebsht\u00eb v\u00ebrtetuar ditwn e djeshme, kur qytetar\u00ebt kan\u00eb shkuar p\u00ebr t\u00eb b\u00ebr\u00eb doz\u00ebn e dyt\u00eb t\u00eb vaksin\u00ebs. Ata jan\u00eb njoftuar se nuk ka m\u00eb vaksina.<\/p>\n<p>Qytetar\u00ebt shprehen t\u00eb indinjuar, pasi nuk kan\u00eb asnj\u00eb informacion se kur do t\u00eb mund t\u00eb merret doza e dyt\u00eb e vaksin\u00ebs kineze. Ata theksojn\u00eb se kan\u00eb munges\u00eb informacioni si dhe nuk din\u00eb n\u00ebse marrja e doz\u00ebs s\u00eb dyt\u00eb me vones\u00eb, \u00ebsht\u00eb efektive p\u00ebr mbrojtjen nga virusi. N\u00eb nj\u00eb reagim, ministria e Sh\u00ebndet\u00ebsis\u00eb thot\u00eb se po nuk do t\u00eb b\u00ebhet doz\u00eb e dyt\u00eb vaksin\u00eb tjet\u00ebr.<\/p>\n<p>\u201cDoz\u00eb e dyt\u00eb nuk b\u00ebhet vaksin\u00eb tjet\u00ebr. AstraZeneka si\u00e7 \u00ebsht\u00eb e shkruar n\u00eb shesh, po b\u00ebhet si doz\u00eb e par\u00eb, nd\u00ebrsa coronavac po behet doz\u00eb e dyt\u00eb p\u00ebr ata q\u00eb e kan\u00eb b\u00ebr\u00eb\u201d, thuhet n\u00eb reagim.<\/p>\n<p>Nd\u00ebrkaq qytetar\u00ebt jan\u00eb shprehur t\u00eb irrituar.<\/p>\n<p>\u201cN\u00eb dijenin\u00eb ton\u00eb doza e par\u00eb \u00ebsht\u00eb b\u00ebr\u00eb kot po nuk u b\u00eb e dyta. Problemi \u00ebsht\u00eb shum\u00eb serioz. T\u00eb b\u00ebsh vaksin\u00ebn e par\u00eb dhe t\u00eb thuash q\u00eb do vish p\u00ebr nj\u00eb muaj t\u00eb marr\u00ebsh doz\u00ebn e dyt\u00eb dhe kur vijm\u00eb k\u00ebtu na thon\u00eb nuk ka, kjo mua nuk m\u00eb duket e drejt\u00eb. Dometh\u00ebn\u00eb jan\u00eb harxhuar vaksinat p\u00ebr doz\u00ebn e par\u00eb dhe nuk jan\u00eb planifikuar rezervat q\u00eb un\u00eb t\u00eb merrja doz\u00ebn e dyt\u00eb dhe t\u00eb quhesha i sh\u00ebruar sot. Duhet t\u00eb ishte b\u00ebr\u00eb e dyta sot, k\u00ebshtu q\u00eb dhe doza e par\u00eb un\u00eb mendoj se \u00ebsht\u00eb kot po kaluan 3-4 dit\u00eb nga afati 30-ditor. Un\u00eb k\u00ebshtu mendoj, t\u00eb m\u00eb jepet p\u00ebrgjigje tani, un\u00eb duhet t\u00eb marr\u00eb s\u00ebrish 2 doza. Mjek\u00ebsia duhet t\u00eb m\u00eb jap\u00eb p\u00ebrgjigje. Mir\u00eb ishte q\u00eb t\u00eb na kishin marr\u00eb n\u00eb telefon dhe t\u00eb na sqaronin, ata e kan\u00eb numrin tone\u201d, tha qytetari. Nga ana tjet\u00ebr, nj\u00eb qytetar u shpreh se punonj\u00ebsit n\u00eb qendr\u00ebn e vaksinimit, i kishin th\u00ebn\u00eb se nuk kishte m\u00eb vaksina, pa e sqaruar mbi at\u00eb \u00e7ka pritet t\u00eb ndodh dhe kur mund t\u00eb vijn\u00eb dozat e tjera.<\/p>\n<p>\u201cAs k\u00ebtu nuk sqarojn\u00eb. Nuk ka na kan\u00eb th\u00ebn\u00eb dhe iku ai\u201d, u shprehqytetari.<\/p>\n<p>&nbsp;<\/p>","protected":false},"excerpt":{"rendered":"<p>Me mbarimin e fushat\u00ebs, kan\u00eb mbaruar dhe vaksinat. Ky fakt \u00ebsht\u00eb v\u00ebrtetuar ditwn e djeshme, kur qytetar\u00ebt kan\u00eb shkuar p\u00ebr t\u00eb b\u00ebr\u00eb doz\u00ebn e dyt\u00eb t\u00eb vaksin\u00ebs. Ata jan\u00eb njoftuar se nuk ka m\u00eb vaksina. Qytetar\u00ebt shprehen t\u00eb indinjuar, pasi nuk kan\u00eb asnj\u00eb informacion se kur do t\u00eb mund t\u00eb merret doza e dyt\u00eb e [&hellip;]<\/p>\n","protected":false},"author":2016,"featured_media":182824,"comment_status":"closed","ping_status":"closed","sticky":false,"template":"","format":"standard","meta":{"footnotes":""},"categories":[241],"tags":[3090],"class_list":{"0":"post-182822","1":"post","2":"type-post","3":"status-publish","4":"format-standard","5":"has-post-thumbnail","7":"category-aktualitet","8":"tag-lajme-zjarr-qytetaret-te-irrituar-na-mashtruan-zjarr-tv"},"_links":{"self":[{"href":"https:\/\/zjarr.tv\/en\/wp-json\/wp\/v2\/posts\/182822","targetHints":{"allow":["GET"]}}],"collection":[{"href":"https:\/\/zjarr.tv\/en\/wp-json\/wp\/v2\/posts"}],"about":[{"href":"https:\/\/zjarr.tv\/en\/wp-json\/wp\/v2\/types\/post"}],"author":[{"embeddable":true,"href":"https:\/\/zjarr.tv\/en\/wp-json\/wp\/v2\/users\/2016"}],"replies":[{"embeddable":true,"href":"https:\/\/zjarr.tv\/en\/wp-json\/wp\/v2\/comments?post=182822"}],"version-history":[{"count":0,"href":"https:\/\/zjarr.tv\/en\/wp-json\/wp\/v2\/posts\/182822\/revisions"}],"wp:featuredmedia":[{"embeddable":true,"href":"https:\/\/zjarr.tv\/en\/wp-json\/wp\/v2\/media\/182824"}],"wp:attachment":[{"href":"https:\/\/zjarr.tv\/en\/wp-json\/wp\/v2\/media?parent=182822"}],"wp:term":[{"taxonomy":"category","embeddable":true,"href":"https:\/\/zjarr.tv\/en\/wp-json\/wp\/v2\/categories?post=182822"},{"taxonomy":"post_tag","embeddable":true,"href":"https:\/\/zjarr.tv\/en\/wp-json\/wp\/v2\/tags?post=182822"}],"curies":[{"name":"wp","href":"https:\/\/api.w.org\/{rel}","templated":true}]}}