{"id":182977,"date":"2021-05-17T18:21:21","date_gmt":"2021-05-17T16:21:21","guid":{"rendered":"https:\/\/zjarr.tv\/?p=182977"},"modified":"2021-05-17T18:21:21","modified_gmt":"2021-05-17T16:21:21","slug":"zgjedhjet-per-kryetar-te-pd-gjana-tregon-detaje-mbi-procesin-nuk-ka-detyrim-per-doreheqje","status":"publish","type":"post","link":"https:\/\/zjarr.tv\/en\/zgjedhjet-per-kryetar-te-pd-gjana-tregon-detaje-mbi-procesin-nuk-ka-detyrim-per-doreheqje\/","title":{"rendered":"Zgjedhjet p\u00ebr kryetar t\u00eb PD, Gjana tregon detaje mbi procesin: Nuk ka detyrim p\u00ebr dor\u00ebheqje"},"content":{"rendered":"<p>An\u00ebtari i kryesis\u00eb s\u00eb Partis\u00eb Demokratike Jemin Gjana, jasht\u00eb selis\u00eb blu ka dh\u00ebn\u00eb p\u00ebr gazetar\u00ebt disa detaje n\u00eb lidhje me procesin e zgjedhjeve p\u00ebr kryetar t\u00eb PD q\u00eb do t\u00eb mbahen m\u00eb 13 qershor.<\/p>\n<p>Gjana u pyet nga gazetar\u00ebt n\u00ebse statusi i PD p\u00ebrcakton rastet kur kryetari i partis\u00eb duhet t\u00eb jap\u00eb dor\u00ebheqje.<\/p>\n<p>\u201cDo ia paraqesim pastaj kryesis\u00eb s\u00eb partis\u00eb t\u00eb diel\u00ebn q\u00eb do t\u00eb mblidhet p\u00ebr t\u00eb caktuar kandidaturat q\u00eb ta miratoj\u00eb bashk\u00eb me kandidaturat modelin q\u00eb do operohet gjat\u00eb procesit t\u00eb zgjedhjeve.<\/p>\n<p>Kryetari i Komisionit t\u00eb Zgjedhjeve ka nj\u00eb detyrim statutor. N\u00eb statut nuk ka detyrim dor\u00ebheqje. Pjes\u00eb t\u00eb tjera jan\u00eb detyrime individuale. Do plot\u00ebsohet nj\u00eb formular me t\u00eb cilat do konkurrohet n\u00eb kryesi p\u00ebr t\u2019u miratuar\u201d, deklaroi Gjana.<\/p>","protected":false},"excerpt":{"rendered":"<p>An\u00ebtari i kryesis\u00eb s\u00eb Partis\u00eb Demokratike Jemin Gjana, jasht\u00eb selis\u00eb blu ka dh\u00ebn\u00eb p\u00ebr gazetar\u00ebt disa detaje n\u00eb lidhje me procesin e zgjedhjeve p\u00ebr kryetar t\u00eb PD q\u00eb do t\u00eb mbahen m\u00eb 13 qershor. Gjana u pyet nga gazetar\u00ebt n\u00ebse statusi i PD p\u00ebrcakton rastet kur kryetari i partis\u00eb duhet t\u00eb jap\u00eb dor\u00ebheqje. \u201cDo ia [&hellip;]<\/p>\n","protected":false},"author":2031,"featured_media":182978,"comment_status":"closed","ping_status":"closed","sticky":false,"template":"","format":"standard","meta":{"footnotes":""},"categories":[231],"tags":[3108,312,2149,458],"class_list":{"0":"post-182977","1":"post","2":"type-post","3":"status-publish","4":"format-standard","5":"has-post-thumbnail","7":"category-lajme","8":"tag-gjana","9":"tag-lajme","10":"tag-pd","11":"tag-zjarrtv"},"_links":{"self":[{"href":"https:\/\/zjarr.tv\/en\/wp-json\/wp\/v2\/posts\/182977","targetHints":{"allow":["GET"]}}],"collection":[{"href":"https:\/\/zjarr.tv\/en\/wp-json\/wp\/v2\/posts"}],"about":[{"href":"https:\/\/zjarr.tv\/en\/wp-json\/wp\/v2\/types\/post"}],"author":[{"embeddable":true,"href":"https:\/\/zjarr.tv\/en\/wp-json\/wp\/v2\/users\/2031"}],"replies":[{"embeddable":true,"href":"https:\/\/zjarr.tv\/en\/wp-json\/wp\/v2\/comments?post=182977"}],"version-history":[{"count":0,"href":"https:\/\/zjarr.tv\/en\/wp-json\/wp\/v2\/posts\/182977\/revisions"}],"wp:featuredmedia":[{"embeddable":true,"href":"https:\/\/zjarr.tv\/en\/wp-json\/wp\/v2\/media\/182978"}],"wp:attachment":[{"href":"https:\/\/zjarr.tv\/en\/wp-json\/wp\/v2\/media?parent=182977"}],"wp:term":[{"taxonomy":"category","embeddable":true,"href":"https:\/\/zjarr.tv\/en\/wp-json\/wp\/v2\/categories?post=182977"},{"taxonomy":"post_tag","embeddable":true,"href":"https:\/\/zjarr.tv\/en\/wp-json\/wp\/v2\/tags?post=182977"}],"curies":[{"name":"wp","href":"https:\/\/api.w.org\/{rel}","templated":true}]}}