{"id":182982,"date":"2021-05-17T18:41:13","date_gmt":"2021-05-17T16:41:13","guid":{"rendered":"https:\/\/zjarr.tv\/?p=182982"},"modified":"2021-05-17T18:41:13","modified_gmt":"2021-05-17T16:41:13","slug":"hapja-e-kutive-te-beratit-vasili-dhjetera-raste-te-votimit-te-shumefishte","status":"publish","type":"post","link":"https:\/\/zjarr.tv\/en\/hapja-e-kutive-te-beratit-vasili-dhjetera-raste-te-votimit-te-shumefishte\/","title":{"rendered":"Hapja e kutive t\u00eb Beratit, Vasili: Dhjet\u00ebra raste t\u00eb votimit t\u00eb shum\u00ebfisht\u00eb"},"content":{"rendered":"<p>N\u00ebnkryetari i L\u00ebvizjes Socialiste p\u00ebr Integrim, Petrit Vasili ka deklaruar se hapja e kutive t\u00eb Beratit ka faktuar masakr\u00ebn zgjedhore, si\u00e7 e quan ai 25 prillin.<\/p>\n<p>N\u00eb nj\u00eb postim n\u00eb rrjetet sociale, Vasili shprehet se jan\u00eb evidentuar me dhjet\u00ebra raste t\u00eb votimit t\u00eb dyfisht\u00eb. Nd\u00ebrkoh\u00eb, sipas tij, KQZ ka futur duart n\u00eb kutit\u00eb e materialeve zgjedhore.<\/p>\n<p>Hapja e kutive te Beratit i nxjerr bojen totalisht masakres zgjedhore te 25 prillit!Dhjet\u00ebra raste te votimit te shumefishte!19 persona kane votuar 53 here kjo eshte konstatuar vetem ne disa kuti te hapura te Beratit.<\/p>\n<p>Raporti PEI i konfirmuar edhe nga numeruesit socialiste, dhe nga hapja e sotme e kutive, qe nuk ndodhet ne kutite e materialeve zgjedhore, eshte futur dorazi nga jashte nga ana e administrates se KQZ duke kompromentuar te gjithe procesin.<\/p>\n<p>Ne kutite e materialeve qe u hapen nga vete KQZ, shenohet qarte qe mungojne raporti dhe kuponat PEI, nderkohe, nga persona te KQZ jane futur ne listen e materialeve dokumente te cilat nuk ndodheshin ne kuti duke shkaterruar totalisht procesin!<\/p>\n<p>Masakren zgjedhore nuk e mbulon dot m\u00eb askush.Denoncimi dhe \u00e7montimi i masakres zgjedhore mafioze mision i shenjte dhe pa kthim!<\/p>","protected":false},"excerpt":{"rendered":"<p>N\u00ebnkryetari i L\u00ebvizjes Socialiste p\u00ebr Integrim, Petrit Vasili ka deklaruar se hapja e kutive t\u00eb Beratit ka faktuar masakr\u00ebn zgjedhore, si\u00e7 e quan ai 25 prillin. N\u00eb nj\u00eb postim n\u00eb rrjetet sociale, Vasili shprehet se jan\u00eb evidentuar me dhjet\u00ebra raste t\u00eb votimit t\u00eb dyfisht\u00eb. Nd\u00ebrkoh\u00eb, sipas tij, KQZ ka futur duart n\u00eb kutit\u00eb e materialeve [&hellip;]<\/p>\n","protected":false},"author":2031,"featured_media":182983,"comment_status":"closed","ping_status":"closed","sticky":false,"template":"","format":"standard","meta":{"footnotes":""},"categories":[231],"tags":[312,2729,458],"class_list":{"0":"post-182982","1":"post","2":"type-post","3":"status-publish","4":"format-standard","5":"has-post-thumbnail","7":"category-lajme","8":"tag-lajme","9":"tag-petrit-vasili","10":"tag-zjarrtv"},"_links":{"self":[{"href":"https:\/\/zjarr.tv\/en\/wp-json\/wp\/v2\/posts\/182982","targetHints":{"allow":["GET"]}}],"collection":[{"href":"https:\/\/zjarr.tv\/en\/wp-json\/wp\/v2\/posts"}],"about":[{"href":"https:\/\/zjarr.tv\/en\/wp-json\/wp\/v2\/types\/post"}],"author":[{"embeddable":true,"href":"https:\/\/zjarr.tv\/en\/wp-json\/wp\/v2\/users\/2031"}],"replies":[{"embeddable":true,"href":"https:\/\/zjarr.tv\/en\/wp-json\/wp\/v2\/comments?post=182982"}],"version-history":[{"count":0,"href":"https:\/\/zjarr.tv\/en\/wp-json\/wp\/v2\/posts\/182982\/revisions"}],"wp:featuredmedia":[{"embeddable":true,"href":"https:\/\/zjarr.tv\/en\/wp-json\/wp\/v2\/media\/182983"}],"wp:attachment":[{"href":"https:\/\/zjarr.tv\/en\/wp-json\/wp\/v2\/media?parent=182982"}],"wp:term":[{"taxonomy":"category","embeddable":true,"href":"https:\/\/zjarr.tv\/en\/wp-json\/wp\/v2\/categories?post=182982"},{"taxonomy":"post_tag","embeddable":true,"href":"https:\/\/zjarr.tv\/en\/wp-json\/wp\/v2\/tags?post=182982"}],"curies":[{"name":"wp","href":"https:\/\/api.w.org\/{rel}","templated":true}]}}