{"id":182986,"date":"2021-05-17T18:47:53","date_gmt":"2021-05-17T16:47:53","guid":{"rendered":"https:\/\/zjarr.tv\/?p=182986"},"modified":"2021-05-17T18:47:53","modified_gmt":"2021-05-17T16:47:53","slug":"e-rende-permbyset-traktori-ne-gramsh-humb-jeten-61-vjecari","status":"publish","type":"post","link":"https:\/\/zjarr.tv\/en\/e-rende-permbyset-traktori-ne-gramsh-humb-jeten-61-vjecari\/","title":{"rendered":"E R\u00cbND\u00cb\/ P\u00ebrmbyset traktori n\u00eb Gramsh, humb jet\u00ebn 61 vje\u00e7ari"},"content":{"rendered":"<p>Nj\u00eb 61-vje\u00e7ar i identifikuar si Feruzan Zeneli ka nd\u00ebrruar jet\u00eb pasi ka humbur kontrollin e mjetit bujq\u00ebsor, tip traktor n\u00eb Gramsh.<\/p>\n<p>M\u00ebsohet se viktima sapo e kishte rregulluar mjetin e tij tip traktor dhe po kthehej n\u00eb sht\u00ebpi.<\/p>\n<p>N\u00eb at\u00eb moment, 61-vje\u00e7ari Zeneli ka humbur kontrollin duke nd\u00ebrruar jet\u00eb si pasoj\u00eb e p\u00ebrplasjes. Ngjarja ka ndodhur pasditen e sotme n\u00eb fshatin Sk\u00ebnd\u00ebrbegas t\u00eb Gramshit.<\/p>","protected":false},"excerpt":{"rendered":"<p>Nj\u00eb 61-vje\u00e7ar i identifikuar si Feruzan Zeneli ka nd\u00ebrruar jet\u00eb pasi ka humbur kontrollin e mjetit bujq\u00ebsor, tip traktor n\u00eb Gramsh. M\u00ebsohet se viktima sapo e kishte rregulluar mjetin e tij tip traktor dhe po kthehej n\u00eb sht\u00ebpi. N\u00eb at\u00eb moment, 61-vje\u00e7ari Zeneli ka humbur kontrollin duke nd\u00ebrruar jet\u00eb si pasoj\u00eb e p\u00ebrplasjes. Ngjarja ka [&hellip;]<\/p>\n","protected":false},"author":2030,"featured_media":182987,"comment_status":"closed","ping_status":"closed","sticky":false,"template":"","format":"standard","meta":{"footnotes":""},"categories":[241],"tags":[],"class_list":{"0":"post-182986","1":"post","2":"type-post","3":"status-publish","4":"format-standard","5":"has-post-thumbnail","7":"category-aktualitet"},"_links":{"self":[{"href":"https:\/\/zjarr.tv\/en\/wp-json\/wp\/v2\/posts\/182986","targetHints":{"allow":["GET"]}}],"collection":[{"href":"https:\/\/zjarr.tv\/en\/wp-json\/wp\/v2\/posts"}],"about":[{"href":"https:\/\/zjarr.tv\/en\/wp-json\/wp\/v2\/types\/post"}],"author":[{"embeddable":true,"href":"https:\/\/zjarr.tv\/en\/wp-json\/wp\/v2\/users\/2030"}],"replies":[{"embeddable":true,"href":"https:\/\/zjarr.tv\/en\/wp-json\/wp\/v2\/comments?post=182986"}],"version-history":[{"count":0,"href":"https:\/\/zjarr.tv\/en\/wp-json\/wp\/v2\/posts\/182986\/revisions"}],"wp:featuredmedia":[{"embeddable":true,"href":"https:\/\/zjarr.tv\/en\/wp-json\/wp\/v2\/media\/182987"}],"wp:attachment":[{"href":"https:\/\/zjarr.tv\/en\/wp-json\/wp\/v2\/media?parent=182986"}],"wp:term":[{"taxonomy":"category","embeddable":true,"href":"https:\/\/zjarr.tv\/en\/wp-json\/wp\/v2\/categories?post=182986"},{"taxonomy":"post_tag","embeddable":true,"href":"https:\/\/zjarr.tv\/en\/wp-json\/wp\/v2\/tags?post=182986"}],"curies":[{"name":"wp","href":"https:\/\/api.w.org\/{rel}","templated":true}]}}