{"id":182988,"date":"2021-05-17T18:49:38","date_gmt":"2021-05-17T16:49:38","guid":{"rendered":"https:\/\/zjarr.tv\/?p=182988"},"modified":"2021-05-17T18:49:38","modified_gmt":"2021-05-17T16:49:38","slug":"sa-te%cc%88-jem-une%cc%88-drejtor-askush-me-shami-nuk-do-punesohet-pas-deklarates-shkarkohet-drejtori","status":"publish","type":"post","link":"https:\/\/zjarr.tv\/en\/sa-te%cc%88-jem-une%cc%88-drejtor-askush-me-shami-nuk-do-punesohet-pas-deklarates-shkarkohet-drejtori\/","title":{"rendered":"Sa te\u0308 jem une\u0308 drejtor, askush me shami nuk do pun\u00ebsohet\u2026\u201d, pas deklarat\u00ebs shkarkohet drejtori"},"content":{"rendered":"<p>Kryetari i komun\u00ebs s\u00eb Mitrovic\u00ebs, Agim Bahtiri ka njoftuar se ka liruar nga detyra drejtorin e Arsimit, Ismet Ferizi, p\u00ebr nj\u00eb deklarim t\u00eb cilin e ka quajtur skandaloz. \u201cSa te\u0308 jem une\u0308 drejtor, askush me shami nuk do t\u00eb pun\u00ebsohet ne\u0308 arsim\u201d, \u00ebsht\u00eb shprehur Ferizi.<\/p>\n<p>\u201cPas k\u00ebtij deklarimi skandaloz t\u00eb nj\u00ebjtin e kam larguar nga takimi. Ky diskriminim n\u00eb baza fetare p\u00ebr mua ka qen\u00eb i papranuesh\u00ebm dhe i patoleruesh\u00ebm, ku p\u00ebr pasoj\u00eb m\u00eb \u00ebsht\u00eb dashur t\u00eb marr\u00eb veprimin e lirimit nga detyra, pasi q\u00eb ai nuk ka reflektuar n\u00eb q\u00ebndrimin e tij edhe pas k\u00ebtij takimi.<\/p>\n<p>P\u00ebrndryshe, Drejtori i Arsimit nuk ka asnj\u00eb kompetenc\u00eb dhe p\u00ebrgjegj\u00ebsi p\u00ebr p\u00ebrzgjedhjen e drejtor\u00ebve t\u00eb shkollave, pasi q\u00eb p\u00ebrzgjedhjen e tyre e b\u00ebn komisioni i formuar nga Kuvendi i Komun\u00ebs.<\/p>\n<p>Ndryshe, sot kam miratuar p\u00ebrzgjedhjen e drejtor\u00ebve t\u00eb rinj, t\u00eb cil\u00ebt jan\u00eb rekomanduar nga komisioni. Kjo d\u00ebshmon se pretendimet p\u00ebr nd\u00ebrhyrje n\u00eb k\u00ebt\u00eb proces nga un\u00eb, kan\u00eb qen\u00eb shpifje ndaj meje si kryetar komune. Suksese drejtor\u00ebve t\u00eb rinj t\u00eb shkollave n\u00eb pun\u00ebn e tyre\u201d, ka shkruar Bahtiri.<\/p>","protected":false},"excerpt":{"rendered":"<p>Kryetari i komun\u00ebs s\u00eb Mitrovic\u00ebs, Agim Bahtiri ka njoftuar se ka liruar nga detyra drejtorin e Arsimit, Ismet Ferizi, p\u00ebr nj\u00eb deklarim t\u00eb cilin e ka quajtur skandaloz. \u201cSa te\u0308 jem une\u0308 drejtor, askush me shami nuk do t\u00eb pun\u00ebsohet ne\u0308 arsim\u201d, \u00ebsht\u00eb shprehur Ferizi. \u201cPas k\u00ebtij deklarimi skandaloz t\u00eb nj\u00ebjtin e kam larguar nga [&hellip;]<\/p>\n","protected":false},"author":2031,"featured_media":182991,"comment_status":"closed","ping_status":"closed","sticky":false,"template":"","format":"standard","meta":{"footnotes":""},"categories":[231],"tags":[3109,312,458],"class_list":{"0":"post-182988","1":"post","2":"type-post","3":"status-publish","4":"format-standard","5":"has-post-thumbnail","7":"category-lajme","8":"tag-drejtori-i-arsimit","9":"tag-lajme","10":"tag-zjarrtv"},"_links":{"self":[{"href":"https:\/\/zjarr.tv\/en\/wp-json\/wp\/v2\/posts\/182988","targetHints":{"allow":["GET"]}}],"collection":[{"href":"https:\/\/zjarr.tv\/en\/wp-json\/wp\/v2\/posts"}],"about":[{"href":"https:\/\/zjarr.tv\/en\/wp-json\/wp\/v2\/types\/post"}],"author":[{"embeddable":true,"href":"https:\/\/zjarr.tv\/en\/wp-json\/wp\/v2\/users\/2031"}],"replies":[{"embeddable":true,"href":"https:\/\/zjarr.tv\/en\/wp-json\/wp\/v2\/comments?post=182988"}],"version-history":[{"count":0,"href":"https:\/\/zjarr.tv\/en\/wp-json\/wp\/v2\/posts\/182988\/revisions"}],"wp:featuredmedia":[{"embeddable":true,"href":"https:\/\/zjarr.tv\/en\/wp-json\/wp\/v2\/media\/182991"}],"wp:attachment":[{"href":"https:\/\/zjarr.tv\/en\/wp-json\/wp\/v2\/media?parent=182988"}],"wp:term":[{"taxonomy":"category","embeddable":true,"href":"https:\/\/zjarr.tv\/en\/wp-json\/wp\/v2\/categories?post=182988"},{"taxonomy":"post_tag","embeddable":true,"href":"https:\/\/zjarr.tv\/en\/wp-json\/wp\/v2\/tags?post=182988"}],"curies":[{"name":"wp","href":"https:\/\/api.w.org\/{rel}","templated":true}]}}