{"id":183004,"date":"2021-05-17T19:32:52","date_gmt":"2021-05-17T17:32:52","guid":{"rendered":"https:\/\/zjarr.tv\/?p=183004"},"modified":"2021-05-17T19:32:52","modified_gmt":"2021-05-17T17:32:52","slug":"nje-vit-nga-shembja-e-teatrit-kombetar-lubonja-keto-zgjedhje-i-hapen-rruge-shkaterrimeve-te-reja","status":"publish","type":"post","link":"https:\/\/zjarr.tv\/en\/nje-vit-nga-shembja-e-teatrit-kombetar-lubonja-keto-zgjedhje-i-hapen-rruge-shkaterrimeve-te-reja\/","title":{"rendered":"Nj\u00eb vit nga shembja e Teatrit Komb\u00ebtar, Lubonja: K\u00ebto zgjedhje i hap\u00ebn rrug\u00eb shkat\u00ebrrimeve t\u00eb reja"},"content":{"rendered":"<p>Analisti Fatos Lubonja, i ftuar n\u00eb rubrik\u00ebn \u201cOpinion\u201d n\u00eb \u201cNews 24\u201d, duke folur n\u00eb 1-vjetorin e shkat\u00ebrrimit t\u00eb Teatrit Komb\u00ebtar, deklaroi se ne si popull jemi t\u00eb paaft\u00eb q\u00eb t\u00eb b\u00ebhemi bashk\u00eb, p\u00ebrtej interesit t\u00eb grupit.<\/p>\n<p>Lubonja theksoi se k\u00ebto zgjedhje i hap\u00ebn rrug\u00eb shkat\u00ebrrimeve t\u00eb reja.<\/p>\n<p>\u201c<em>Ne kemi paaft\u00ebsin\u00eb q\u00eb t\u00eb b\u00ebhemi bashk\u00eb, p\u00ebrtej interesit t\u00eb grupit. Jemi realisht t\u00eb paaft\u00eb t\u00eb b\u00ebhemi bashk\u00eb. Shqiptar\u00ebt i ka mbajtur pran\u00eb m\u00eb shum\u00eb klani sesa t\u00eb shohin p\u00ebrtej klanit. P\u00ebr mbrojtjen e Teatrit, pala q\u00eb shfaqi papjekuri, ishte ajo m\u00eb e fuqishmja, PD. PD edhe ju dha fjal\u00ebn, edhe nuk ua dha protestuesve, edhe i mb\u00ebshteti dhe jo. N\u00eb protesta hyn\u00eb edhe p\u00ebr\u00e7arjet. Duhet t\u00eb ishte gjetur m\u00ebnyra e p\u00ebrbashkuar, kurse zot\u00ebron ideja se del nj\u00eb njeri dhe thot\u00eb do u bashkoj me forc\u00eb. Basha, por edhe t\u00eb tjer\u00ebt, kur flasin, shajn\u00eb dhe eliminojn\u00eb tjetrin, nuk shprehet q\u00eb t\u00eb b\u00ebhem t\u00eb gjith\u00eb p\u00ebr kauz\u00eb t\u00eb caktuar.<\/em><\/p>\n<p><em>K\u00ebto zgjedhje i hap\u00ebn rrug\u00eb shkat\u00ebrrimeve t\u00eb tjera, n\u00eb em\u00ebr t\u00eb fuqizimit t\u00eb njer\u00ebzve q\u00eb jan\u00eb bashk\u00eb me krimin e organizuar. Hap\u00ebsirat publike po zaptohen. Normat e nd\u00ebrtimit duhet t\u00eb jen\u00eb t\u00eb qarta. Kemi pabarazi sociale n\u00eb k\u00ebt\u00eb sistem ku jetojm\u00eb, dhe munges\u00eb lirie<\/em>\u201d, tha Lubonja.<\/p>\n<p>Duke folur p\u00ebr zhvillimet n\u00eb PD, Lubonja vler\u00ebsoi se duhet nj\u00eb debat i hapur n\u00eb Partin\u00eb Demokratike dhe se nevojitet po ashtu strategji e qart\u00eb, p\u00ebr t\u00eb mbrojtur vot\u00ebn.<\/p>\n<p><em>\u201cLulzim Basha k\u00ebrkon ta mbyll\u00eb \u00e7\u00ebshtjen se kush do e kryesoj\u00eb PD-n\u00eb. N\u00eb PD ka dy grupime, nj\u00eb grup q\u00eb thot\u00eb se ishim mir\u00eb por zgjedhjet jan\u00eb vjedhur dhe nj\u00eb grupim, q\u00eb \u00ebsht\u00eb ndar\u00eb m\u00eb dysh, ku nj\u00eb pjes\u00eb thon\u00eb jo \u00ebsht\u00eb faji i Bash\u00ebs dhe \u00e7ereku q\u00eb thon\u00eb se pavar\u00ebsisht se k\u00ebtu \u00ebsht\u00eb b\u00ebr\u00eb vjedhje, Basha ka p\u00ebrgjegj\u00ebsi se nuk mbrojti vot\u00ebn e duhet t\u00eb ik\u00eb. Ajo q\u00eb v\u00eb re \u00ebsht\u00eb se kryetari n\u00ebse nuk do ta l\u00ebshoj\u00eb, nuk e l\u00ebshon, duke th\u00ebn\u00eb se zgjedhjet jan\u00eb vjedhur, justifikohet e shprehet se un\u00eb punova mir\u00eb. N\u00eb PD duhet hapur nj\u00eb debat, se \u00e7far\u00eb masash duhen marr\u00eb p\u00ebr t\u00eb mbrojtur votat, duhet edhe strategji politike. Un\u00eb dua t\u00eb ket\u00eb debat q\u00eb t\u00eb dal\u00eb di\u00e7ka, por besoj se debat nuk do ket\u00eb. Duhet strategji p\u00ebr t\u00eb mbrojtur vot\u00ebn. Un\u00eb besoj se PD do jet\u00eb faktor politik sepse ka gati 60 deputet\u00eb e duhet rezistenc\u00eb m\u00eb e mir\u00eb. Le t\u00eb krijohen debate, por t\u00eb ket\u00eb unitet e nuk duhet gjuh\u00eb eliminimi\u201d<\/em>, u shpreh Lubonja.<\/p>\n<p>M\u00eb tej, Lubonja foli edhe p\u00ebr diskutimet n\u00eb vend mbi konfliktin mes Izraelit e Palestin\u00ebs, duke u shprehur se e ka pritur me pozitivitet faktin q\u00eb n\u00eb Tiran\u00eb kishte protesta n\u00eb mbrojtje t\u00eb palestinez\u00ebve.<\/p>\n<p><em>\u201cE kam par\u00eb me pozitivitet faktin q\u00eb kan\u00eb dal\u00eb t\u00eb protestojn\u00eb n\u00eb mbrojtje t\u00eb palestinez\u00ebve, mysliman\u00eb n\u00eb Tiran\u00eb, por kam par\u00eb edhe organizat\u00ebn politike, kam par\u00eb me shqet\u00ebsim arrestimet skandaloze, q\u00eb tregojn\u00eb se \u00e7far\u00eb regjimi kemi, por edhe servilizmi. Servilizmi, sepse n\u00ebse protesta do ishte pro Izraelit, me siguri nuk do ishte b\u00ebr\u00eb kaq skandal. Izolimi iu intereson shum\u00eb regjimeve dhe ndaj duhet t\u00eb njihemi me at\u00eb q\u00eb ndodh n\u00eb bot\u00eb. K\u00ebtu vazhdojn\u00eb me emra politikan\u00ebsh, nd\u00ebrsa jemi n\u00eb loj\u00eb shahu, ku duhet t\u00eb ket\u00eb m\u00eb shum\u00eb artikulime\u201d<\/em>, p\u00ebrmbylli Lubonja.<\/p>","protected":false},"excerpt":{"rendered":"<p>Analisti Fatos Lubonja, i ftuar n\u00eb rubrik\u00ebn \u201cOpinion\u201d n\u00eb \u201cNews 24\u201d, duke folur n\u00eb 1-vjetorin e shkat\u00ebrrimit t\u00eb Teatrit Komb\u00ebtar, deklaroi se ne si popull jemi t\u00eb paaft\u00eb q\u00eb t\u00eb b\u00ebhemi bashk\u00eb, p\u00ebrtej interesit t\u00eb grupit. Lubonja theksoi se k\u00ebto zgjedhje i hap\u00ebn rrug\u00eb shkat\u00ebrrimeve t\u00eb reja. \u201cNe kemi paaft\u00ebsin\u00eb q\u00eb t\u00eb b\u00ebhemi bashk\u00eb, p\u00ebrtej [&hellip;]<\/p>\n","protected":false},"author":2030,"featured_media":183005,"comment_status":"closed","ping_status":"closed","sticky":false,"template":"","format":"standard","meta":{"footnotes":""},"categories":[241],"tags":[],"class_list":{"0":"post-183004","1":"post","2":"type-post","3":"status-publish","4":"format-standard","5":"has-post-thumbnail","7":"category-aktualitet"},"_links":{"self":[{"href":"https:\/\/zjarr.tv\/en\/wp-json\/wp\/v2\/posts\/183004","targetHints":{"allow":["GET"]}}],"collection":[{"href":"https:\/\/zjarr.tv\/en\/wp-json\/wp\/v2\/posts"}],"about":[{"href":"https:\/\/zjarr.tv\/en\/wp-json\/wp\/v2\/types\/post"}],"author":[{"embeddable":true,"href":"https:\/\/zjarr.tv\/en\/wp-json\/wp\/v2\/users\/2030"}],"replies":[{"embeddable":true,"href":"https:\/\/zjarr.tv\/en\/wp-json\/wp\/v2\/comments?post=183004"}],"version-history":[{"count":0,"href":"https:\/\/zjarr.tv\/en\/wp-json\/wp\/v2\/posts\/183004\/revisions"}],"wp:featuredmedia":[{"embeddable":true,"href":"https:\/\/zjarr.tv\/en\/wp-json\/wp\/v2\/media\/183005"}],"wp:attachment":[{"href":"https:\/\/zjarr.tv\/en\/wp-json\/wp\/v2\/media?parent=183004"}],"wp:term":[{"taxonomy":"category","embeddable":true,"href":"https:\/\/zjarr.tv\/en\/wp-json\/wp\/v2\/categories?post=183004"},{"taxonomy":"post_tag","embeddable":true,"href":"https:\/\/zjarr.tv\/en\/wp-json\/wp\/v2\/tags?post=183004"}],"curies":[{"name":"wp","href":"https:\/\/api.w.org\/{rel}","templated":true}]}}