{"id":183012,"date":"2021-05-17T20:16:29","date_gmt":"2021-05-17T18:16:29","guid":{"rendered":"https:\/\/zjarr.tv\/?p=183012"},"modified":"2021-05-17T20:16:29","modified_gmt":"2021-05-17T18:16:29","slug":"takim-i-papritur-rama-mbledh-me-urgjence-4-te-besuarit-e-tij-cfare-po-ndodh-ne-seline-roze","status":"publish","type":"post","link":"https:\/\/zjarr.tv\/en\/takim-i-papritur-rama-mbledh-me-urgjence-4-te-besuarit-e-tij-cfare-po-ndodh-ne-seline-roze\/","title":{"rendered":"Takim i PAPRITUR, Rama mbledh me urgjenc\u00eb 4 t\u00eb besuarit e tij, \u00e7far\u00eb po ndodh n\u00eb selin\u00eb roz\u00eb?"},"content":{"rendered":"<p style=\"background: white; margin: 0in 0in 19.5pt 0in;\">Kryeministri Edi Rama ka zhvilluar nj\u00eb takim t\u00eb papritur k\u00ebt\u00eb pasdite me disa nga figurat kryesore t\u00eb PS n\u00eb selin\u00eb roz\u00eb.<\/p>\n<p style=\"background: white; -webkit-tap-highlight-color: transparent !important; box-sizing: border-box; overflow-wrap: break-word; font-variant-ligatures: normal; font-variant-caps: normal; orphans: 2; widows: 2; -webkit-text-stroke-width: 0px; text-decoration-thickness: initial; text-decoration-style: initial; text-decoration-color: initial; word-spacing: 0px; margin: 0in 0in 19.5pt 0in;\">M\u00ebsohet se kryeministri \u00ebsht\u00eb takuar me kreun e Grupit Parlamentar t\u00eb PS, Taulant Ball\u00ebn, me kreun e Kuvendit Gramoz Ru\u00e7i, Damian Gjiknurin dhe ministrin Bledi \u00c7u\u00e7i.<\/p>\n<p style=\"background: white; -webkit-tap-highlight-color: transparent !important; box-sizing: border-box; overflow-wrap: break-word; font-variant-ligatures: normal; font-variant-caps: normal; orphans: 2; widows: 2; -webkit-text-stroke-width: 0px; text-decoration-thickness: initial; text-decoration-style: initial; text-decoration-color: initial; word-spacing: 0px; margin: 0in 0in 19.5pt 0in;\">Takimi \u00ebsht\u00eb zhvilluar me dyer t\u00eb mbyllura, nd\u00ebrsa ende nuk dihet motivi i k\u00ebsaj \u201cmbledhje rrufe\u201d.<\/p>","protected":false},"excerpt":{"rendered":"<p>Kryeministri Edi Rama ka zhvilluar nj\u00eb takim t\u00eb papritur k\u00ebt\u00eb pasdite me disa nga figurat kryesore t\u00eb PS n\u00eb selin\u00eb roz\u00eb. M\u00ebsohet se kryeministri \u00ebsht\u00eb takuar me kreun e Grupit Parlamentar t\u00eb PS, Taulant Ball\u00ebn, me kreun e Kuvendit Gramoz Ru\u00e7i, Damian Gjiknurin dhe ministrin Bledi \u00c7u\u00e7i. Takimi \u00ebsht\u00eb zhvilluar me dyer t\u00eb mbyllura, nd\u00ebrsa [&hellip;]<\/p>\n","protected":false},"author":2030,"featured_media":183013,"comment_status":"closed","ping_status":"closed","sticky":false,"template":"","format":"standard","meta":{"footnotes":""},"categories":[241,1454],"tags":[],"class_list":{"0":"post-183012","1":"post","2":"type-post","3":"status-publish","4":"format-standard","5":"has-post-thumbnail","7":"category-aktualitet","8":"category-politike"},"_links":{"self":[{"href":"https:\/\/zjarr.tv\/en\/wp-json\/wp\/v2\/posts\/183012","targetHints":{"allow":["GET"]}}],"collection":[{"href":"https:\/\/zjarr.tv\/en\/wp-json\/wp\/v2\/posts"}],"about":[{"href":"https:\/\/zjarr.tv\/en\/wp-json\/wp\/v2\/types\/post"}],"author":[{"embeddable":true,"href":"https:\/\/zjarr.tv\/en\/wp-json\/wp\/v2\/users\/2030"}],"replies":[{"embeddable":true,"href":"https:\/\/zjarr.tv\/en\/wp-json\/wp\/v2\/comments?post=183012"}],"version-history":[{"count":0,"href":"https:\/\/zjarr.tv\/en\/wp-json\/wp\/v2\/posts\/183012\/revisions"}],"wp:featuredmedia":[{"embeddable":true,"href":"https:\/\/zjarr.tv\/en\/wp-json\/wp\/v2\/media\/183013"}],"wp:attachment":[{"href":"https:\/\/zjarr.tv\/en\/wp-json\/wp\/v2\/media?parent=183012"}],"wp:term":[{"taxonomy":"category","embeddable":true,"href":"https:\/\/zjarr.tv\/en\/wp-json\/wp\/v2\/categories?post=183012"},{"taxonomy":"post_tag","embeddable":true,"href":"https:\/\/zjarr.tv\/en\/wp-json\/wp\/v2\/tags?post=183012"}],"curies":[{"name":"wp","href":"https:\/\/api.w.org\/{rel}","templated":true}]}}