{"id":183023,"date":"2021-05-18T00:54:16","date_gmt":"2021-05-17T22:54:16","guid":{"rendered":"https:\/\/zjarr.tv\/?p=183023"},"modified":"2021-05-18T00:54:16","modified_gmt":"2021-05-17T22:54:16","slug":"edi-rama-dhe-ilir-meta-perballen-neser-ne-ne-gjykaten-kushtetuese","status":"publish","type":"post","link":"https:\/\/zjarr.tv\/en\/edi-rama-dhe-ilir-meta-perballen-neser-ne-ne-gjykaten-kushtetuese\/","title":{"rendered":"Edi Rama dhe Ilir Meta p\u00ebrballen nes\u00ebr n\u00eb n\u00eb Gjykat\u00ebn Kushtetuese"},"content":{"rendered":"<p>Kryeministri Edi Rama dhe presidenti Ilir Meta do t\u00eb p\u00ebrballen dit\u00ebn nes\u00ebrme n\u00eb seanc\u00eb plenare n\u00eb Gjykat\u00ebn Kushtetuese me k\u00ebrkes\u00eb t\u00eb kreut t\u00eb qeveris\u00eb.<\/p>\n<p>P\u00ebr shkak t\u00eb masave n\u00eb fuqi p\u00ebr shkak t\u00eb pandemis\u00eb, seanca do t\u00eb kryhet pa pranin\u00eb e publikut.<\/p>\n<p>\u00c7\u00ebshtja lidhet me em\u00ebrimin nga kryeministri t\u00eb ish-ushtruesit t\u00eb detyr\u00ebs s\u00eb Ministrit t\u00eb Jasht\u00ebm Gent Cakaj t\u00eb cilin Meta nuk e dekretoi.<\/p>\n<p>Njoftimi i Gjykat\u00ebs Kushtetuese<\/p>\n<p>18 Maj, 2021<\/p>\n<p>K\u00ebrkues<\/p>\n<p>Kryeministri i Republik\u00ebs s\u00eb Shqip\u00ebris\u00eb, Seanc\u00eb Plenare.<\/p>\n<p>P\u00ebr shkak t\u00eb situat\u00ebs dhe rregullave n\u00eb fuqi t\u00eb shkaktuara nga COVID-19, zhvillimi i seanc\u00ebs plenare do t\u00eb kryhet pa pranin\u00eb e publikut.<\/p>\n<p>Subjekti i interesuar<\/p>\n<p>Presidenti i Republik\u00ebs s\u00eb Shqip\u00ebris\u00eb; Kuvendi i Republik\u00ebs s\u00eb Shqip\u00ebris\u00eb<\/p>\n<p>Objekti<\/p>\n<p>Zgjidhja e mosmarr\u00ebveshjes s\u00eb kompetencave nd\u00ebrmjet Kryeministrit t\u00eb Republik\u00ebs s\u00eb Shqip\u00ebris\u00eb dhe Presidentit t\u00eb Republik\u00ebs s\u00eb Shqip\u00ebris\u00eb. Interpretimi kushtetues i nenit 98, pika 1, t\u00eb Kushtetut\u00ebs s\u00eb Republik\u00ebs s\u00eb Shqip\u00ebris\u00eb.<\/p>","protected":false},"excerpt":{"rendered":"<p>Kryeministri Edi Rama dhe presidenti Ilir Meta do t\u00eb p\u00ebrballen dit\u00ebn nes\u00ebrme n\u00eb seanc\u00eb plenare n\u00eb Gjykat\u00ebn Kushtetuese me k\u00ebrkes\u00eb t\u00eb kreut t\u00eb qeveris\u00eb. P\u00ebr shkak t\u00eb masave n\u00eb fuqi p\u00ebr shkak t\u00eb pandemis\u00eb, seanca do t\u00eb kryhet pa pranin\u00eb e publikut. \u00c7\u00ebshtja lidhet me em\u00ebrimin nga kryeministri t\u00eb ish-ushtruesit t\u00eb detyr\u00ebs s\u00eb Ministrit t\u00eb [&hellip;]<\/p>\n","protected":false},"author":2031,"featured_media":131190,"comment_status":"closed","ping_status":"closed","sticky":false,"template":"","format":"standard","meta":{"footnotes":""},"categories":[231],"tags":[],"class_list":{"0":"post-183023","1":"post","2":"type-post","3":"status-publish","4":"format-standard","5":"has-post-thumbnail","7":"category-lajme"},"_links":{"self":[{"href":"https:\/\/zjarr.tv\/en\/wp-json\/wp\/v2\/posts\/183023","targetHints":{"allow":["GET"]}}],"collection":[{"href":"https:\/\/zjarr.tv\/en\/wp-json\/wp\/v2\/posts"}],"about":[{"href":"https:\/\/zjarr.tv\/en\/wp-json\/wp\/v2\/types\/post"}],"author":[{"embeddable":true,"href":"https:\/\/zjarr.tv\/en\/wp-json\/wp\/v2\/users\/2031"}],"replies":[{"embeddable":true,"href":"https:\/\/zjarr.tv\/en\/wp-json\/wp\/v2\/comments?post=183023"}],"version-history":[{"count":0,"href":"https:\/\/zjarr.tv\/en\/wp-json\/wp\/v2\/posts\/183023\/revisions"}],"wp:featuredmedia":[{"embeddable":true,"href":"https:\/\/zjarr.tv\/en\/wp-json\/wp\/v2\/media\/131190"}],"wp:attachment":[{"href":"https:\/\/zjarr.tv\/en\/wp-json\/wp\/v2\/media?parent=183023"}],"wp:term":[{"taxonomy":"category","embeddable":true,"href":"https:\/\/zjarr.tv\/en\/wp-json\/wp\/v2\/categories?post=183023"},{"taxonomy":"post_tag","embeddable":true,"href":"https:\/\/zjarr.tv\/en\/wp-json\/wp\/v2\/tags?post=183023"}],"curies":[{"name":"wp","href":"https:\/\/api.w.org\/{rel}","templated":true}]}}