{"id":183025,"date":"2021-05-18T01:10:04","date_gmt":"2021-05-17T23:10:04","guid":{"rendered":"https:\/\/zjarr.tv\/?p=183025"},"modified":"2021-05-18T01:10:04","modified_gmt":"2021-05-17T23:10:04","slug":"perplasje-mes-gjekmarkajt-dhe-ndreces-jeni-futur-kotec-me-kotec-per-tu-bere-pale-me-krimin-ndaj-jeni-sot-ne-pushtet","status":"publish","type":"post","link":"https:\/\/zjarr.tv\/en\/perplasje-mes-gjekmarkajt-dhe-ndreces-jeni-futur-kotec-me-kotec-per-tu-bere-pale-me-krimin-ndaj-jeni-sot-ne-pushtet\/","title":{"rendered":"P\u00ebrplasje mes Gjekmarkajt dhe Ndrec\u00ebs: Jeni futur kotec m\u00eb kotec p\u00ebr tu b\u00ebr\u00eb pal\u00eb me krimin, ndaj jeni sot n\u00eb pushtet"},"content":{"rendered":"<p>Plarent Ndreca dhe Agron Gjekmarkaj kan\u00eb pasur nj\u00eb debat t\u00eb ashp\u00ebr n\u00eb studion e \u201cOpen\u201d n\u00eb lidhje me zgjedhjet e 25 prillit.<\/p>\n<p>Ndreca thot\u00eb se i kan\u00eb m\u00ebrzitur shqiptar\u00ebt me t\u00eb nj\u00ebjtin refren, nd\u00ebrsa Gjekmarkaj e akuzoi se mb\u00ebshtet krimin dhe pushteti i PS \u00ebsht\u00eb i bandave.<\/p>\n<p>Ndreca: Ju n\u00eb Lezh\u00eb keni b\u00ebr\u00eb fitore. Nuk jan\u00eb vjedhur votat dhe keni fantazi, prandaj keni 8 vite q\u00eb thoni tjet\u00ebr gj\u00eb sa keni m\u00ebrzitur shqiptar\u00ebt.<\/p>\n<p>N\u00ebse nuk hyn juve n\u00eb xhep, ju e deformoni, e fyeni dhe e p\u00ebrbaltni. Pse vet\u00ebm ju keni nd\u00ebrgjegje? Ti mendon se un\u00eb funksionoj ashtu sic funksionon ti. Nuk flas p\u00ebr post.<\/p>\n<p>Gjekmarkaj: A ke qen\u00eb kandidat p\u00ebr deputet?<\/p>\n<p>Ndreca: Po.<\/p>\n<p>Gjekmarkaj: Prandaj nuk duhet ta mbrosh, i di mir\u00eb vjedhjet q\u00eb keni b\u00ebr\u00eb.<\/p>\n<p>Ndreca: Un\u00eb jam pjes\u00eb e shumic\u00ebs shqiptare. Nuk keni lidhje me shqiptar\u00ebt ju, keni t\u00eb tjera objektiva, jeni shum\u00eb mbrapa.<\/p>\n<p>Gjekmarkaj: Ju jeni futur kotec m\u00eb kotec p\u00ebr tu b\u00ebr\u00eb pal\u00eb me krimin. Pushteti juaj \u00ebsht\u00eb i bandave. Sot keni pushtetin prej tyre kudo n\u00eb Shqip\u00ebri.<\/p>","protected":false},"excerpt":{"rendered":"<p>Plarent Ndreca dhe Agron Gjekmarkaj kan\u00eb pasur nj\u00eb debat t\u00eb ashp\u00ebr n\u00eb studion e \u201cOpen\u201d n\u00eb lidhje me zgjedhjet e 25 prillit. Ndreca thot\u00eb se i kan\u00eb m\u00ebrzitur shqiptar\u00ebt me t\u00eb nj\u00ebjtin refren, nd\u00ebrsa Gjekmarkaj e akuzoi se mb\u00ebshtet krimin dhe pushteti i PS \u00ebsht\u00eb i bandave. Ndreca: Ju n\u00eb Lezh\u00eb keni b\u00ebr\u00eb fitore. Nuk [&hellip;]<\/p>\n","protected":false},"author":2031,"featured_media":181250,"comment_status":"closed","ping_status":"closed","sticky":false,"template":"","format":"standard","meta":{"footnotes":""},"categories":[231],"tags":[],"class_list":{"0":"post-183025","1":"post","2":"type-post","3":"status-publish","4":"format-standard","5":"has-post-thumbnail","7":"category-lajme"},"_links":{"self":[{"href":"https:\/\/zjarr.tv\/en\/wp-json\/wp\/v2\/posts\/183025","targetHints":{"allow":["GET"]}}],"collection":[{"href":"https:\/\/zjarr.tv\/en\/wp-json\/wp\/v2\/posts"}],"about":[{"href":"https:\/\/zjarr.tv\/en\/wp-json\/wp\/v2\/types\/post"}],"author":[{"embeddable":true,"href":"https:\/\/zjarr.tv\/en\/wp-json\/wp\/v2\/users\/2031"}],"replies":[{"embeddable":true,"href":"https:\/\/zjarr.tv\/en\/wp-json\/wp\/v2\/comments?post=183025"}],"version-history":[{"count":0,"href":"https:\/\/zjarr.tv\/en\/wp-json\/wp\/v2\/posts\/183025\/revisions"}],"wp:featuredmedia":[{"embeddable":true,"href":"https:\/\/zjarr.tv\/en\/wp-json\/wp\/v2\/media\/181250"}],"wp:attachment":[{"href":"https:\/\/zjarr.tv\/en\/wp-json\/wp\/v2\/media?parent=183025"}],"wp:term":[{"taxonomy":"category","embeddable":true,"href":"https:\/\/zjarr.tv\/en\/wp-json\/wp\/v2\/categories?post=183025"},{"taxonomy":"post_tag","embeddable":true,"href":"https:\/\/zjarr.tv\/en\/wp-json\/wp\/v2\/tags?post=183025"}],"curies":[{"name":"wp","href":"https:\/\/api.w.org\/{rel}","templated":true}]}}