{"id":183036,"date":"2021-05-18T07:27:03","date_gmt":"2021-05-18T05:27:03","guid":{"rendered":"https:\/\/zjarr.tv\/?p=183036"},"modified":"2021-05-18T07:27:03","modified_gmt":"2021-05-18T05:27:03","slug":"flet-ervin-salianji-partia-demokratike-eshte-nje-parti-qe-prodhon-spektakel-demokracie-nishani-eshte-pergjegjes-per-humbjen-tone","status":"publish","type":"post","link":"https:\/\/zjarr.tv\/en\/flet-ervin-salianji-partia-demokratike-eshte-nje-parti-qe-prodhon-spektakel-demokracie-nishani-eshte-pergjegjes-per-humbjen-tone\/","title":{"rendered":"Flet Ervin Salianji: Partia Demokratike \u00ebsht\u00eb nj\u00eb Parti q\u00eb prodhon spektak\u00ebl demokracie\/ Nishani \u00ebsht\u00eb p\u00ebrgjegj\u00ebs p\u00ebr humbjen ton\u00eb\u2026"},"content":{"rendered":"<p style=\"background: white; margin: 0in 0in 19.5pt 0in;\"><span style=\"color: #222222;\">Deputeti i sapozgjedhur n\u00eb Zgjedhjet e 25 Prillit n\u00eb qarkun e Kor\u00e7\u00ebs, Ervin Salianji, duke folur p\u00ebr mbledhjen q\u00eb u zhvillua dje n\u00eb selin\u00eb blu, tha se PD \u00ebsht\u00eb nj\u00eb Parti q\u00eb prodhon spektak\u00ebl demokracie, nj\u00eb Parti q\u00eb t\u00eb lejon t\u00eb hysh n\u00eb gar\u00eb t\u00eb barabart\u00eb.<\/span><\/p>\n<p style=\"background: white; -webkit-tap-highlight-color: transparent !important; box-sizing: border-box; overflow-wrap: break-word; font-variant-ligatures: normal; font-variant-caps: normal; orphans: 2; widows: 2; -webkit-text-stroke-width: 0px; text-decoration-thickness: initial; text-decoration-style: initial; text-decoration-color: initial; word-spacing: 0px; margin: 0in 0in 19.5pt 0in;\"><span style=\"color: #222222;\">Ai tha se edhe PD ka p\u00ebrgjegj\u00ebsit\u00eb e saj, duke mos kursyer an\u00ebtar\u00ebt e grupit \u201cP\u00ebr PD-n\u00eb\u201d, specifikisht Bujar Nishanin, por tha se k\u00ebto Zgjedhje u blen\u00eb dhe u vodh\u00ebn, ndaj Basha nuk duhet t\u00eb jap\u00eb dor\u00ebheqjen.<\/span><\/p>\n<p style=\"background: white; -webkit-tap-highlight-color: transparent !important; box-sizing: border-box; overflow-wrap: break-word; font-variant-ligatures: normal; font-variant-caps: normal; orphans: 2; widows: 2; -webkit-text-stroke-width: 0px; text-decoration-thickness: initial; text-decoration-style: initial; text-decoration-color: initial; word-spacing: 0px; margin: 0in 0in 19.5pt 0in;\"><strong style=\"-webkit-tap-highlight-color: transparent !important; box-sizing: border-box;\"><span style=\"color: #222222;\">Salianji:\u00a0<\/span><\/strong><i><span style=\"color: #222222;\">\u00cbsht\u00eb nj\u00eb parti q\u00eb prodhon spektal\u00ebkt t\u00eb demokracis\u00eb, ka fjal\u00eb t\u00eb lir\u00eb aty dhe shpalosje idesh. Nj\u00eb parti politike q\u00eb do t\u00eb jet\u00eb shum\u00eb shpejt n\u00eb pushtet prodhon gjithmon\u00eb nj\u00eb spektak\u00ebl demokracie, n\u00eb PS nuk ndodh kjo. E dim\u00eb se si sillet Rama me t\u00eb vet\u00ebt. Partia jon\u00eb nuk \u00ebsht\u00eb demokratike vet\u00ebm nga emri, por n\u00eb t\u00ebr\u00ebsi. <\/span><\/i><\/p>\n<p style=\"background: white; -webkit-tap-highlight-color: transparent !important; box-sizing: border-box; overflow-wrap: break-word; font-variant-ligatures: normal; font-variant-caps: normal; orphans: 2; widows: 2; -webkit-text-stroke-width: 0px; text-decoration-thickness: initial; text-decoration-style: initial; text-decoration-color: initial; word-spacing: 0px; margin: 0in 0in 19.5pt 0in;\"><i><span style=\"color: #222222;\">Disa element\u00eb duhen th\u00ebn\u00eb. Kryetari i K\u00ebshillit Kombetar e p\u00ebrdor p\u00ebr sho\u00eb person at\u00eb post. Pas nj\u00eb beteje q\u00eb t\u00eb kan\u00eb vjedhur t\u00eb dal\u00ebsh t\u00eb b\u00ebsh sikur nuk je p\u00ebrgjegj\u00ebs. Nuk mund t\u00eb b\u00ebsh opozit\u00ebn n\u00eb opozit\u00eb dhe aq m\u00eb tep\u00ebr brenda partis\u00eb, sepse nuk i sh\u00ebrben partis\u00eb kjo. Un\u00eb kam mendimin tim se si ec\u00ebn para PD-ja. Dje u arrit nj\u00eb gj\u00eb q\u00eb rrall\u00eb ndodh. N\u00eb \u00e7do parti politike kur k\u00ebrkohen zgjedhje, nuk i b\u00ebn kryetari. <\/span><\/i><\/p>\n<p style=\"background: white; -webkit-tap-highlight-color: transparent !important; box-sizing: border-box; overflow-wrap: break-word; font-variant-ligatures: normal; font-variant-caps: normal; orphans: 2; widows: 2; -webkit-text-stroke-width: 0px; text-decoration-thickness: initial; text-decoration-style: initial; text-decoration-color: initial; word-spacing: 0px; margin: 0in 0in 19.5pt 0in;\"><i><span style=\"color: #222222;\">PD do q\u00eb t\u00eb ket\u00eb gar\u00eb t\u00eb qet\u00eb dhe t\u00eb ndershme. Dikush tjet\u00ebr n\u00eb PD po i shmanget p\u00ebrgjegj\u00ebsis\u00eb, jo z.Basha. Si ka mund\u00ebsi q\u00eb 8 vite nuk pati asnj\u00eb reagim nga k\u00ebta persona, por sapo PD \u00ebsht\u00eb n\u00eb v\u00ebshtir\u00ebsi, menj\u00ebher\u00eb akuzohet<\/span><\/i><span style=\"color: #222222;\">. \u00a0<\/span><\/p>","protected":false},"excerpt":{"rendered":"<p>Deputeti i sapozgjedhur n\u00eb Zgjedhjet e 25 Prillit n\u00eb qarkun e Kor\u00e7\u00ebs, Ervin Salianji, duke folur p\u00ebr mbledhjen q\u00eb u zhvillua dje n\u00eb selin\u00eb blu, tha se PD \u00ebsht\u00eb nj\u00eb Parti q\u00eb prodhon spektak\u00ebl demokracie, nj\u00eb Parti q\u00eb t\u00eb lejon t\u00eb hysh n\u00eb gar\u00eb t\u00eb barabart\u00eb. Ai tha se edhe PD ka p\u00ebrgjegj\u00ebsit\u00eb e saj, [&hellip;]<\/p>\n","protected":false},"author":2016,"featured_media":183038,"comment_status":"closed","ping_status":"closed","sticky":false,"template":"","format":"standard","meta":{"footnotes":""},"categories":[241,1454],"tags":[3111],"class_list":{"0":"post-183036","1":"post","2":"type-post","3":"status-publish","4":"format-standard","5":"has-post-thumbnail","7":"category-aktualitet","8":"category-politike","9":"tag-lajme-zjarr-flet-ervin-salianji-zjarr-tv"},"_links":{"self":[{"href":"https:\/\/zjarr.tv\/en\/wp-json\/wp\/v2\/posts\/183036","targetHints":{"allow":["GET"]}}],"collection":[{"href":"https:\/\/zjarr.tv\/en\/wp-json\/wp\/v2\/posts"}],"about":[{"href":"https:\/\/zjarr.tv\/en\/wp-json\/wp\/v2\/types\/post"}],"author":[{"embeddable":true,"href":"https:\/\/zjarr.tv\/en\/wp-json\/wp\/v2\/users\/2016"}],"replies":[{"embeddable":true,"href":"https:\/\/zjarr.tv\/en\/wp-json\/wp\/v2\/comments?post=183036"}],"version-history":[{"count":0,"href":"https:\/\/zjarr.tv\/en\/wp-json\/wp\/v2\/posts\/183036\/revisions"}],"wp:featuredmedia":[{"embeddable":true,"href":"https:\/\/zjarr.tv\/en\/wp-json\/wp\/v2\/media\/183038"}],"wp:attachment":[{"href":"https:\/\/zjarr.tv\/en\/wp-json\/wp\/v2\/media?parent=183036"}],"wp:term":[{"taxonomy":"category","embeddable":true,"href":"https:\/\/zjarr.tv\/en\/wp-json\/wp\/v2\/categories?post=183036"},{"taxonomy":"post_tag","embeddable":true,"href":"https:\/\/zjarr.tv\/en\/wp-json\/wp\/v2\/tags?post=183036"}],"curies":[{"name":"wp","href":"https:\/\/api.w.org\/{rel}","templated":true}]}}