{"id":183067,"date":"2021-05-18T10:04:53","date_gmt":"2021-05-18T08:04:53","guid":{"rendered":"https:\/\/zjarr.tv\/?p=183067"},"modified":"2021-05-18T10:04:53","modified_gmt":"2021-05-18T08:04:53","slug":"iris-luarasi-del-me-deklaraten-e-forte-ja-cfare-do-te-ndodhte-nese-do-te-kishte-gare-te-ndershme-mes-figurave-politike-brenda-pd","status":"publish","type":"post","link":"https:\/\/zjarr.tv\/en\/iris-luarasi-del-me-deklaraten-e-forte-ja-cfare-do-te-ndodhte-nese-do-te-kishte-gare-te-ndershme-mes-figurave-politike-brenda-pd\/","title":{"rendered":"Iris Luarasi del me deklarat\u00ebn e fort\u00eb: Ja \u00e7far\u00eb do t\u00eb ndodhte n\u00ebse do t\u00eb kishte gar\u00eb t\u00eb ndershme mes figurave politike brenda PD\u2026"},"content":{"rendered":"<p>Pedagogia Iris Luarasi, ka folur p\u00ebr Zgjedhjet q\u00eb do t\u00eb mbahen p\u00ebr drejtuesin e Partis\u00eb Demokratike m\u00eb 13 qershor, ku \u00ebsht\u00eb shprehur se p\u00ebrballja Basha-Kadilli i kujton Maqo Lakrorin kund\u00ebr Edi Ram\u00ebs.<\/p>\n<p>Luarasi theksoi n\u00eb \u201cOpen\u201d, se Rama do t\u00eb ndjente rrezik vet\u00ebm n\u00ebse do kishte gar\u00eb t\u00eb ndershme mes figurave politike brenda PD-s\u00eb, pasi me Kadillin, nuk sheh asnj\u00eb gar\u00eb. Luarasi shtoi se Rama i ka marr\u00ebdh\u00ebniet e mira me Bash\u00ebn, ndaj nuk sheh asnj\u00eb rrezik p\u00ebr Zgjedhjet q\u00eb do t\u00eb mbahen brenda PD.<\/p>\n<p><strong style=\"font-style: inherit;\">Luarasi:<\/strong>\u00a0<em style=\"font-weight: inherit;\">M\u00eb kujton Maqo Lakrorin kund\u00ebr Edi Ram\u00ebs, pa asnj\u00eb lloj konotacioni p\u00ebr Fatbardh Kadillin. E kam fjal\u00ebn p\u00ebr nga pesha politike, k\u00ebshtu m\u00eb duket beteja mes Bash\u00ebs dhe Kadillit. Nuk e shoh si di\u00e7ka pozitive dat\u00ebn e zgjedhjeve. Do t\u00eb ket\u00eb 3 jav\u00eb gar\u00eb mes Bash\u00ebs dhe Kadillit n\u00ebse do t\u00eb jet\u00eb i vetmi kandidat.<\/em><\/p>\n<p><strong style=\"font-style: inherit;\"> Mendon se \u00ebsht\u00eb e mjaftueshme p\u00ebr t\u00eb marr\u00eb partin\u00eb?<\/strong><\/p>\n<p><strong style=\"font-style: inherit;\">Luarasi:<\/strong>\u00a0<em style=\"font-weight: inherit;\">Sigurisht q\u00eb nuk ke koh\u00eb se duhet t\u00eb b\u00ebsh shtab elektoral, duhet t\u00eb b\u00ebsh takime n\u00eb t\u00eb gjith\u00eb vendin. Mandati i Bash\u00ebs skadon m\u00eb 23 korrik dhe me k\u00ebt\u00eb do t\u2019i tregonim njer\u00ebzve se gara \u00ebsht\u00eb serioze dhe n\u00eb fund t\u00eb dit\u00ebs nuk do ta jap\u00eb dor\u00ebheqjen. N\u00eb PD ka pasur precedent q\u00eb Berisha kur humbi zgjedhjet, dha dor\u00ebheqjen. \u00cbsht\u00eb normale kur je n\u00eb pushtet dhe do t\u00eb ket\u00eb rotacion politik, prandaj presin q\u00eb pasardh\u00ebsit t\u00eb ndjekin at\u00eb rrug\u00eb. N\u00ebse do ishte gar\u00eb e ndershme brenda PD, un\u00eb mendoj se kjo do ta vinte Ram\u00ebn n\u00eb nj\u00eb pozit\u00eb se duket se e ka marr\u00ebdh\u00ebnien e mir\u00eb me Bash\u00ebn.<\/em><\/p>\n<p>&nbsp;<\/p>","protected":false},"excerpt":{"rendered":"<p>Pedagogia Iris Luarasi, ka folur p\u00ebr Zgjedhjet q\u00eb do t\u00eb mbahen p\u00ebr drejtuesin e Partis\u00eb Demokratike m\u00eb 13 qershor, ku \u00ebsht\u00eb shprehur se p\u00ebrballja Basha-Kadilli i kujton Maqo Lakrorin kund\u00ebr Edi Ram\u00ebs. Luarasi theksoi n\u00eb \u201cOpen\u201d, se Rama do t\u00eb ndjente rrezik vet\u00ebm n\u00ebse do kishte gar\u00eb t\u00eb ndershme mes figurave politike brenda PD-s\u00eb, pasi [&hellip;]<\/p>\n","protected":false},"author":2016,"featured_media":183069,"comment_status":"closed","ping_status":"closed","sticky":false,"template":"","format":"standard","meta":{"footnotes":""},"categories":[241],"tags":[3120],"class_list":{"0":"post-183067","1":"post","2":"type-post","3":"status-publish","4":"format-standard","5":"has-post-thumbnail","7":"category-aktualitet","8":"tag-lajme-zjarr-luarasi-del-me-deklaraten-e-forte-zjarr-tv"},"_links":{"self":[{"href":"https:\/\/zjarr.tv\/en\/wp-json\/wp\/v2\/posts\/183067","targetHints":{"allow":["GET"]}}],"collection":[{"href":"https:\/\/zjarr.tv\/en\/wp-json\/wp\/v2\/posts"}],"about":[{"href":"https:\/\/zjarr.tv\/en\/wp-json\/wp\/v2\/types\/post"}],"author":[{"embeddable":true,"href":"https:\/\/zjarr.tv\/en\/wp-json\/wp\/v2\/users\/2016"}],"replies":[{"embeddable":true,"href":"https:\/\/zjarr.tv\/en\/wp-json\/wp\/v2\/comments?post=183067"}],"version-history":[{"count":0,"href":"https:\/\/zjarr.tv\/en\/wp-json\/wp\/v2\/posts\/183067\/revisions"}],"wp:featuredmedia":[{"embeddable":true,"href":"https:\/\/zjarr.tv\/en\/wp-json\/wp\/v2\/media\/183069"}],"wp:attachment":[{"href":"https:\/\/zjarr.tv\/en\/wp-json\/wp\/v2\/media?parent=183067"}],"wp:term":[{"taxonomy":"category","embeddable":true,"href":"https:\/\/zjarr.tv\/en\/wp-json\/wp\/v2\/categories?post=183067"},{"taxonomy":"post_tag","embeddable":true,"href":"https:\/\/zjarr.tv\/en\/wp-json\/wp\/v2\/tags?post=183067"}],"curies":[{"name":"wp","href":"https:\/\/api.w.org\/{rel}","templated":true}]}}