{"id":183070,"date":"2021-05-18T10:24:08","date_gmt":"2021-05-18T08:24:08","guid":{"rendered":"https:\/\/zjarr.tv\/?p=183070"},"modified":"2021-05-18T10:24:08","modified_gmt":"2021-05-18T08:24:08","slug":"nuk-permbahet-gjekmarkaj-horrat-batakcinjte-laramanet-e-ps-fituan-hajdutce-por-eshte-fitore-e-perkohshme","status":"publish","type":"post","link":"https:\/\/zjarr.tv\/en\/nuk-permbahet-gjekmarkaj-horrat-batakcinjte-laramanet-e-ps-fituan-hajdutce-por-eshte-fitore-e-perkohshme\/","title":{"rendered":"Nuk p\u00ebrmbahet Gjekmarkaj: Horrat, batak\u00e7injt\u00eb, laraman\u00ebt e PS fituan hajdut\u00e7e, por \u00ebsht\u00eb fitore e p\u00ebrkohshme\u2026"},"content":{"rendered":"<p>Deputeti i sapozgjedhur i D-s\u00eb, n\u00eb Zgjedhjet e 25 Prillit nga qarku i Lezh\u00ebs, Agron Gjekmarkaj, foli mbr\u00ebmjen e djeshme n\u00eb \u201cOpen\u201d, se PD, duhet t\u00eb kishte nj\u00eb moment reflektimi patjet\u00ebr edhe n\u00ebse dilte fituese nga k\u00ebto Zgjedhje.<\/p>\n<p>Gjekmarkaj, k\u00ebt\u00eb deklarat\u00eb e b\u00ebri duke folur p\u00ebr Zgjedhjet e parakohshme n\u00eb PD, q\u00eb do t\u00eb mbahen n\u00eb 13 qershor. Gjithashtu, Gjekmarkaj tha se disa persona pa integritet, t\u00eb cil\u00ebt i quajti palla\u00e7o apo horra dhe q\u00eb jan\u00eb pjes\u00eb e PS, e mor\u00ebn k\u00ebt\u00eb fitore n\u00eb m\u00ebnyr\u00eb t\u00eb padrejt\u00eb, duke garantuar se kjo \u00ebsht\u00eb vet\u00ebm nj\u00eb fitore e parakohshme.<\/p>\n<p>Ai shtoi se PD pretendon dhe i mban shpresat te reagimi i nd\u00ebrkomb\u00ebtar\u00ebve dhe aksioni qytetar.<\/p>\n<p><strong>Gjekmarkaj:\u00a0<\/strong>Un\u00eb mendoj q\u00eb PD duhet t\u00eb kishte reflektim edhe n\u00ebse do t\u00eb fitonte. Data u afrua se k\u00ebshtu e solli situata. \u00cbsht\u00eb terapi p\u00ebr PD q\u00eb t\u00eb ket\u00eb nj\u00eb proces zgjedhjesh. \u00cbsht\u00eb e r\u00ebnd\u00ebsishme q\u00eb t\u00eb jen\u00eb zgjedhje t\u00eb ndershme. Un\u00eb e shoh k\u00ebt\u00eb si nj\u00eb frym\u00eb pozitive n\u00eb PD, qoft\u00eb edhe debatin. Ndryshon se n\u00eb Shqip\u00ebri jan\u00eb manipuluar zgjedhjet dhe qytetar\u00ebt duan zgjidhje dhe kush tjet\u00ebr ve\u00e7 PD do i prej\u00eb k\u00ebsaj sfide? Horra, batak\u00e7inj, laraman\u00eb i jan\u00eb mbledhur PS-s\u00eb dhe i kan\u00eb marr\u00eb qytetar\u00ebve nj\u00eb fitore hajdut\u00e7e. N\u00eb dukje duket sikur ia kan\u00eb dal\u00eb, por \u00ebsht\u00eb e p\u00ebrkohshme. Institucionet jan\u00eb kapur. Ne kemi shpresa te nj\u00eb reflektim i nd\u00ebrkomb\u00ebtar\u00ebve. Tjetra \u00ebsht\u00eb trysnia popullore.<\/p>\n<p>Ata do p\u00ebrballen me shoq\u00ebrin\u00eb, e cila nuk vdes asnj\u00ebher\u00eb, por reagon. Ka dy kandidat\u00eb sot, Basha dhe Kadilli. Mund t\u00eb ket\u00eb kandidatura t\u00eb tjera. PD duhet t\u00eb rishoh\u00eb K\u00ebshillin Komb\u00ebtar, Kryesin\u00eb e saj, t\u00eb hapet pa kushte q\u00eb t\u00eb ket\u00eb nj\u00eb kryetar t\u00eb fort\u00eb, nj\u00eb K\u00ebshill Komb\u00ebtar dhe kryesi t\u00eb fort\u00eb.<\/p>\n<p>&nbsp;<\/p>\n<p>&nbsp;<\/p>","protected":false},"excerpt":{"rendered":"<p>Deputeti i sapozgjedhur i D-s\u00eb, n\u00eb Zgjedhjet e 25 Prillit nga qarku i Lezh\u00ebs, Agron Gjekmarkaj, foli mbr\u00ebmjen e djeshme n\u00eb \u201cOpen\u201d, se PD, duhet t\u00eb kishte nj\u00eb moment reflektimi patjet\u00ebr edhe n\u00ebse dilte fituese nga k\u00ebto Zgjedhje. Gjekmarkaj, k\u00ebt\u00eb deklarat\u00eb e b\u00ebri duke folur p\u00ebr Zgjedhjet e parakohshme n\u00eb PD, q\u00eb do t\u00eb mbahen [&hellip;]<\/p>\n","protected":false},"author":2016,"featured_media":183072,"comment_status":"closed","ping_status":"closed","sticky":false,"template":"","format":"standard","meta":{"footnotes":""},"categories":[241,1454],"tags":[3121],"class_list":{"0":"post-183070","1":"post","2":"type-post","3":"status-publish","4":"format-standard","5":"has-post-thumbnail","7":"category-aktualitet","8":"category-politike","9":"tag-lajme-zjarr-gjekmarkaj-laramanet-e-ps-fituan-hajdutce-zjarr-tv"},"_links":{"self":[{"href":"https:\/\/zjarr.tv\/en\/wp-json\/wp\/v2\/posts\/183070","targetHints":{"allow":["GET"]}}],"collection":[{"href":"https:\/\/zjarr.tv\/en\/wp-json\/wp\/v2\/posts"}],"about":[{"href":"https:\/\/zjarr.tv\/en\/wp-json\/wp\/v2\/types\/post"}],"author":[{"embeddable":true,"href":"https:\/\/zjarr.tv\/en\/wp-json\/wp\/v2\/users\/2016"}],"replies":[{"embeddable":true,"href":"https:\/\/zjarr.tv\/en\/wp-json\/wp\/v2\/comments?post=183070"}],"version-history":[{"count":0,"href":"https:\/\/zjarr.tv\/en\/wp-json\/wp\/v2\/posts\/183070\/revisions"}],"wp:featuredmedia":[{"embeddable":true,"href":"https:\/\/zjarr.tv\/en\/wp-json\/wp\/v2\/media\/183072"}],"wp:attachment":[{"href":"https:\/\/zjarr.tv\/en\/wp-json\/wp\/v2\/media?parent=183070"}],"wp:term":[{"taxonomy":"category","embeddable":true,"href":"https:\/\/zjarr.tv\/en\/wp-json\/wp\/v2\/categories?post=183070"},{"taxonomy":"post_tag","embeddable":true,"href":"https:\/\/zjarr.tv\/en\/wp-json\/wp\/v2\/tags?post=183070"}],"curies":[{"name":"wp","href":"https:\/\/api.w.org\/{rel}","templated":true}]}}