{"id":183074,"date":"2021-05-18T11:15:48","date_gmt":"2021-05-18T09:15:48","guid":{"rendered":"https:\/\/zjarr.tv\/?p=183074"},"modified":"2021-05-18T11:15:48","modified_gmt":"2021-05-18T09:15:48","slug":"presidenti-meta-nuk-pranoi-te-merrte-pjese-ne-seancen-degjimore-komisioni-hetimor-i-vendos-afat-te-presim-deri-te-henen-zgjidhe-vete-diten-dhe-oren","status":"publish","type":"post","link":"https:\/\/zjarr.tv\/en\/presidenti-meta-nuk-pranoi-te-merrte-pjese-ne-seancen-degjimore-komisioni-hetimor-i-vendos-afat-te-presim-deri-te-henen-zgjidhe-vete-diten-dhe-oren\/","title":{"rendered":"Presidenti Meta nuk pranoi t\u00eb merrte pjes\u00eb n\u00eb seanc\u00ebn d\u00ebgjimore, Komisioni Hetimor i vendos afat: T\u00eb presim deri t\u00eb h\u00ebn\u00ebn, zgjidhe vet\u00eb dit\u00ebn dhe or\u00ebn\u2026"},"content":{"rendered":"<p>Presidenti Ilir Meta, vendosi q\u00eb dit\u00ebn e sotme, t\u00eb mos merrte pjes\u00eb n\u00eb seanc\u00ebn d\u00ebgjimore t\u00eb Komisionit Hetimor, t\u00eb ngritur nga Kuvendi p\u00ebr shkarkimin e tij.<\/p>\n<p>N\u00eb nj\u00eb let\u00ebr drejtuar Kryetarit t\u00eb Kuvendit, Meta shkruan se k\u00ebrkesa p\u00ebr paraqitjen e tij, nuk kishte asnj\u00eb baz\u00eb ligjore. Por, Komisioni Hetimor \u00ebsht\u00eb mbledhur edhe pa shkarkimin e Met\u00ebs, teksa ka vendosur q\u00eb t\u2019i l\u00ebr\u00eb afat Presidentit deri dit\u00ebn e h\u00ebn\u00eb n\u00eb 24 maj, p\u00ebr t\u2019u paraqitur n\u00eb seanc\u00ebn d\u00ebgjimore.<\/p>\n<p>Kryetari i Komisionit, Alket Hyseni, \u00ebsht\u00eb shprehur se Meta mund ta caktoj\u00eb vet\u00eb dit\u00ebn dhe or\u00ebn, kur do t\u00eb paraqitet n\u00eb Komisionin Hetimor.<\/p>\n<p>Propozoj t\u2019i nisim nj\u00eb shkres\u00eb Presidentit, q\u00eb ne si komision, jemi t\u00eb hapur p\u00ebr ta d\u00ebgjuar nga e nes\u00ebrmja deri dit\u00ebn e h\u00ebn\u00eb. P\u00ebr ta d\u00ebgjuar, e t\u00eb shmangur alibit\u00eb. Nga data 19 maj deri t\u00eb h\u00ebn\u00ebn. Ne e kemi t\u00eb pamundur q\u00eb p\u00ebrtej dit\u00ebs s\u00eb h\u00ebn\u00eb, 24 maj, p\u00ebr t\u00eb zhvilluar veprimtarin\u00eb hetimore. Ne duhet t\u00eb mbyllim hetimet dhe t\u00eb kemi mund\u00ebsi p\u00ebr t\u00eb b\u00ebr\u00eb nj\u00eb krehje t\u00eb plot\u00eb p\u00ebr faktet, e p\u00ebr t\u00eb krijuar bindjen e plot\u00eb e m\u00eb tej p\u00ebr t\u00eb mund\u00ebsuar p\u00ebrgatitjen e raportit, koha do t\u00eb ishte e papranueshme, afati aktual do t\u00eb jet\u00eb dit\u00ebn e h\u00ebn\u00eb.<\/p>\n<p>An\u00ebtari i k\u00ebtij Komisioni, Spartak Braho, u shpreh se mosnjohja e legjitimitetit t\u00eb Kuvendit nga ana e Presidentit \u00ebsht\u00eb pu\u00e7.<\/p>\n<p>\u201cN\u00ebse Presidenti nuk njeh legjitimitetin e Kuvendit, \u00ebsht\u00eb pu\u00e7, nuk \u00ebsht\u00eb Republik\u00eb Parlamentare\u201d, tha Braho.<\/p>","protected":false},"excerpt":{"rendered":"<p>Presidenti Ilir Meta, vendosi q\u00eb dit\u00ebn e sotme, t\u00eb mos merrte pjes\u00eb n\u00eb seanc\u00ebn d\u00ebgjimore t\u00eb Komisionit Hetimor, t\u00eb ngritur nga Kuvendi p\u00ebr shkarkimin e tij. N\u00eb nj\u00eb let\u00ebr drejtuar Kryetarit t\u00eb Kuvendit, Meta shkruan se k\u00ebrkesa p\u00ebr paraqitjen e tij, nuk kishte asnj\u00eb baz\u00eb ligjore. Por, Komisioni Hetimor \u00ebsht\u00eb mbledhur edhe pa shkarkimin e [&hellip;]<\/p>\n","protected":false},"author":2016,"featured_media":183076,"comment_status":"closed","ping_status":"closed","sticky":false,"template":"","format":"standard","meta":{"footnotes":""},"categories":[241],"tags":[3122],"class_list":{"0":"post-183074","1":"post","2":"type-post","3":"status-publish","4":"format-standard","5":"has-post-thumbnail","7":"category-aktualitet","8":"tag-lajme-zjarr-meta-nuk-pranoi-te-merrte-pjese-ne-seancen-zjarr-tv"},"_links":{"self":[{"href":"https:\/\/zjarr.tv\/en\/wp-json\/wp\/v2\/posts\/183074","targetHints":{"allow":["GET"]}}],"collection":[{"href":"https:\/\/zjarr.tv\/en\/wp-json\/wp\/v2\/posts"}],"about":[{"href":"https:\/\/zjarr.tv\/en\/wp-json\/wp\/v2\/types\/post"}],"author":[{"embeddable":true,"href":"https:\/\/zjarr.tv\/en\/wp-json\/wp\/v2\/users\/2016"}],"replies":[{"embeddable":true,"href":"https:\/\/zjarr.tv\/en\/wp-json\/wp\/v2\/comments?post=183074"}],"version-history":[{"count":0,"href":"https:\/\/zjarr.tv\/en\/wp-json\/wp\/v2\/posts\/183074\/revisions"}],"wp:featuredmedia":[{"embeddable":true,"href":"https:\/\/zjarr.tv\/en\/wp-json\/wp\/v2\/media\/183076"}],"wp:attachment":[{"href":"https:\/\/zjarr.tv\/en\/wp-json\/wp\/v2\/media?parent=183074"}],"wp:term":[{"taxonomy":"category","embeddable":true,"href":"https:\/\/zjarr.tv\/en\/wp-json\/wp\/v2\/categories?post=183074"},{"taxonomy":"post_tag","embeddable":true,"href":"https:\/\/zjarr.tv\/en\/wp-json\/wp\/v2\/tags?post=183074"}],"curies":[{"name":"wp","href":"https:\/\/api.w.org\/{rel}","templated":true}]}}