{"id":183077,"date":"2021-05-18T11:32:43","date_gmt":"2021-05-18T09:32:43","guid":{"rendered":"https:\/\/zjarr.tv\/?p=183077"},"modified":"2021-05-18T11:32:43","modified_gmt":"2021-05-18T09:32:43","slug":"plas-mes-pd-se-lsi-se-dhe-aleateve-te-tjere-demokratet-kerkojne-te-marre-fund-bashkepunimi","status":"publish","type":"post","link":"https:\/\/zjarr.tv\/en\/plas-mes-pd-se-lsi-se-dhe-aleateve-te-tjere-demokratet-kerkojne-te-marre-fund-bashkepunimi\/","title":{"rendered":"Plas mes PD-s\u00eb LSI-s\u00eb dhe aleat\u00ebve t\u00eb tjer\u00eb\/ Demokrat\u00ebt k\u00ebrkojn\u00eb t\u00eb marr\u00eb fund bashk\u00ebpunimi\u2026"},"content":{"rendered":"<p>Shp\u00ebrthen debate mes Partis\u00eb Demokratike dhe L\u00ebvizjes Socialiste p\u00ebr Integrim. Aleanca e tyre nuk rezultoi e suksesshme n\u00eb Zgjedhjet e 25 Prillit dhe t\u00eb dyja pal\u00ebt, kan\u00eb mbetur t\u00eb pak\u00ebnaqura duke faj\u00ebsuar nj\u00ebra-tjetr\u00ebn p\u00ebr humbjen. T\u00eb diel\u00ebn kryedemokrati Lulzim Basha, mblodhi Kryesin\u00eb dhe K\u00ebshillin Komb\u00ebtar, por p\u00ebrve\u00e7 debateve sa i takon fatit t\u00eb tij, m\u00ebsohet se ka pasur diskutime edhe lidhur me aleancat n\u00eb Zgjedhjet e 25 Prillit.<\/p>\n<p>Sipas burimeve, n\u00eb mbledhjen e K\u00ebshillit Komb\u00ebtar, disa an\u00ebtar\u00eb kan\u00eb shfaqur rezerva si p\u00ebr aleanc\u00ebn me LSI, ashtu dhe p\u00ebr bashk\u00ebpunimin me aleat\u00ebt. Lidhur me LSI kan\u00eb qen\u00eb t\u00eb shumt\u00eb ata q\u00eb kan\u00eb k\u00ebrkuar, q\u00eb t\u00eb mos ket\u00eb m\u00eb bashk\u00ebpunim me t\u00eb. Nd\u00ebrsa m\u00ebsohet se akuzat jan\u00eb hedhur dhe ndaj Presidentit, pasi sipas demokrat\u00ebve protagonizmi i tij gjat\u00eb fushat\u00ebs, e d\u00ebmtoi shum\u00eb opozit\u00ebn. Po ashtu, m\u00ebsohet se dhe vet\u00eb Basha, ka deklaruar se aleanca me LSI nuk funksionoi. Kjo do t\u00eb thot\u00eb se tashm\u00eb po shkohet drejt.<\/p>\n<p>Nga ana tjet\u00ebr, m\u00ebsohet se kritika ka pasur edhe ndaj aleat\u00ebve. Disa emra dol\u00ebn kund\u00ebr Bash\u00ebs, lidhur me manipulimin e zgjedhjeve dhe p\u00ebr k\u00ebt\u00eb arsye, an\u00ebtar\u00ebt e K\u00ebshillit kan\u00eb l\u00ebshuar disa kritika. Ata jan\u00eb shprehur se nuk duhej t\u00eb futeshin n\u00eb lista t\u00eb sigurta aleat\u00ebt. Sipas tyre, ata duhej t\u00eb ishin l\u00ebn\u00eb si grupim m\u00eb vete, ose t\u00eb futeshin jasht\u00eb vij\u00ebs s\u00eb kuqe dhe kushdo meritonte t\u00eb b\u00ebhej deputet. Kjo pasi sipas tyre, asnj\u00eb aleat nuk mori m\u00eb shum\u00eb vota se her\u00ebsi. Madje sipas tyre, ka emra me 2-3 mij\u00eb vota q\u00eb p\u00ebrfituan mandat fal\u00eb futjes n\u00eb lista t\u00eb sigurta.<\/p>\n<p>N\u00eb kuad\u00ebr t\u00eb k\u00ebtyre diskutimeve, kuptohet qart\u00eb se n\u00eb zgjedhjet e ardhshme, qoft\u00eb ato vendore, qoft\u00eb ato t\u00eb p\u00ebrgjithshme, pritet q\u00eb Basha t\u00eb l\u00ebr\u00eb jasht\u00eb nj\u00eb pjes\u00eb t\u00eb madhe t\u00eb aleat\u00ebve. Ajo q\u00eb vihet re \u00ebsht\u00eb se demokrat\u00ebt jan\u00eb shum\u00eb t\u00eb zhg\u00ebnjyer me LSI e sidomos presidentin. Ajo q\u00eb vihet re \u00ebsht\u00eb se askush nuk i ka dal\u00eb n\u00eb mbrojtje n\u00eb procesin e shkarkimit q\u00eb ka nisur mazhoranca. Duke qen\u00eb se LSI ka tani vet\u00ebm 4 deputet\u00eb, pritet t\u00eb kemi nj\u00eb ndarje, pasi PD ka marr\u00eb 59 mandate dhe nuk ka nevoj\u00eb p\u00ebr asnj\u00eb aleanc\u00eb p\u00ebrball\u00eb qeveris\u00eb. N\u00eb tavolin\u00eb \u00ebsht\u00eb edhe ideja e bashk\u00ebqeverisjes, e cila n\u00ebse realizohet, do sjell\u00eb nj\u00eb frym\u00eb krejt tjet\u00ebr n\u00eb politik\u00ebn shqiptare.<\/p>\n<p><strong style=\"font-style: inherit;\">Q\u00ebndrimet e LSI<\/strong><\/p>\n<p>Ajo q\u00eb vihet re \u00ebsht\u00eb se qejfmbetje ka dhe nga ana e LSI. Pak dit\u00eb m\u00eb par\u00eb nj\u00eb ish-deputete e LSI deklaroi se do t\u00eb rishikohen q\u00ebndrimet, nd\u00ebrsa Monika Kryemadhi u pendua p\u00ebr l\u00ebnien e mandateve dhe bojkotin e zgjedhjeve, duke faj\u00ebsuar PD. Por ajo q\u00eb vihet re dit\u00ebt e fundit \u00ebsht\u00eb se p\u00ebrve\u00e7 munges\u00eb s\u00eb kontakteve mes PD dhe LSI, \u00ebsht\u00eb se mediat pran\u00eb Presidentit Ilir Meta jan\u00eb hedhur n\u00eb akuza ndaj kryedemokratit Lulzim Basha. Gazeta e tha nj\u00eb dit\u00eb m\u00eb par\u00eb se kritikohej m\u00ebnyra sesi Basha kontestoi rezultatin, nd\u00ebrsa ajo q\u00eb vihet re \u00ebsht\u00eb se dje ka pasur akuza edhe p\u00ebr mbledhjet e organeve drejtuese t\u00eb PD. Mediat pran\u00eb kreut t\u00eb shtetit deklarojn\u00eb se me Bash\u00ebn n\u00eb krye t\u00eb PD Rama do t\u00eb q\u00ebndroj\u00eb edhe 4 vite i qet\u00eb n\u00eb krye t\u00eb qeveris\u00eb. Madje sipas tyre, skema p\u00ebr t\u00eb shkuar n\u00eb zgjedhje m\u00eb 13 qershor \u00ebsht\u00eb strategji p\u00ebr t\u00eb shmangur debatet e brendshme. Pra duket qart\u00eb se kemi nj\u00eb ndarje n\u00eb raportet mes dy partive. Demokrat\u00ebt e shohin LSI dhe Presidentin si fajtor\u00ebt e humbjes n\u00eb zgjedhje. Nd\u00ebrsa LSI dhe Presidenti akuzojn\u00eb PD p\u00ebr disfat\u00ebn e thell\u00eb. PD i mori LSI-s\u00eb rreth 15 deputet\u00eb dhe n\u00eb partin\u00eb e drejtuar nga Kryemadhi flitet p\u00ebr tradhti. Ai q\u00eb do t\u00eb tregoj\u00eb gjith\u00e7ka do t\u00eb jet\u00eb shtatori, pasi do t\u00eb konstituohet Parlamenti i ri dhe do t\u00eb vulosen aleancat politike.<\/p>","protected":false},"excerpt":{"rendered":"<p>Shp\u00ebrthen debate mes Partis\u00eb Demokratike dhe L\u00ebvizjes Socialiste p\u00ebr Integrim. Aleanca e tyre nuk rezultoi e suksesshme n\u00eb Zgjedhjet e 25 Prillit dhe t\u00eb dyja pal\u00ebt, kan\u00eb mbetur t\u00eb pak\u00ebnaqura duke faj\u00ebsuar nj\u00ebra-tjetr\u00ebn p\u00ebr humbjen. T\u00eb diel\u00ebn kryedemokrati Lulzim Basha, mblodhi Kryesin\u00eb dhe K\u00ebshillin Komb\u00ebtar, por p\u00ebrve\u00e7 debateve sa i takon fatit t\u00eb tij, m\u00ebsohet [&hellip;]<\/p>\n","protected":false},"author":2016,"featured_media":183078,"comment_status":"closed","ping_status":"closed","sticky":false,"template":"","format":"standard","meta":{"footnotes":""},"categories":[241],"tags":[],"class_list":{"0":"post-183077","1":"post","2":"type-post","3":"status-publish","4":"format-standard","5":"has-post-thumbnail","7":"category-aktualitet"},"_links":{"self":[{"href":"https:\/\/zjarr.tv\/en\/wp-json\/wp\/v2\/posts\/183077","targetHints":{"allow":["GET"]}}],"collection":[{"href":"https:\/\/zjarr.tv\/en\/wp-json\/wp\/v2\/posts"}],"about":[{"href":"https:\/\/zjarr.tv\/en\/wp-json\/wp\/v2\/types\/post"}],"author":[{"embeddable":true,"href":"https:\/\/zjarr.tv\/en\/wp-json\/wp\/v2\/users\/2016"}],"replies":[{"embeddable":true,"href":"https:\/\/zjarr.tv\/en\/wp-json\/wp\/v2\/comments?post=183077"}],"version-history":[{"count":0,"href":"https:\/\/zjarr.tv\/en\/wp-json\/wp\/v2\/posts\/183077\/revisions"}],"wp:featuredmedia":[{"embeddable":true,"href":"https:\/\/zjarr.tv\/en\/wp-json\/wp\/v2\/media\/183078"}],"wp:attachment":[{"href":"https:\/\/zjarr.tv\/en\/wp-json\/wp\/v2\/media?parent=183077"}],"wp:term":[{"taxonomy":"category","embeddable":true,"href":"https:\/\/zjarr.tv\/en\/wp-json\/wp\/v2\/categories?post=183077"},{"taxonomy":"post_tag","embeddable":true,"href":"https:\/\/zjarr.tv\/en\/wp-json\/wp\/v2\/tags?post=183077"}],"curies":[{"name":"wp","href":"https:\/\/api.w.org\/{rel}","templated":true}]}}