{"id":183081,"date":"2021-05-18T11:45:30","date_gmt":"2021-05-18T09:45:30","guid":{"rendered":"https:\/\/zjarr.tv\/?p=183081"},"modified":"2021-05-18T11:45:30","modified_gmt":"2021-05-18T09:45:30","slug":"evis-kushi-do-ndertojme-nje-sistem-gjitheperfshires-qe-trajton-nevojat-individuale-te-te-gjithe-femijeve-nxenesve-dhe-studenteve","status":"publish","type":"post","link":"https:\/\/zjarr.tv\/en\/evis-kushi-do-ndertojme-nje-sistem-gjitheperfshires-qe-trajton-nevojat-individuale-te-te-gjithe-femijeve-nxenesve-dhe-studenteve\/","title":{"rendered":"Evis Kushi: Do nd\u00ebrtojm\u00eb nj\u00eb sistem gjith\u00ebp\u00ebrfshir\u00ebs q\u00eb trajton nevojat individuale t\u00eb t\u00eb gjith\u00eb f\u00ebmij\u00ebve, nx\u00ebn\u00ebsve dhe student\u00ebve\u2026"},"content":{"rendered":"<p style=\"line-height: 22.5pt; background: white; margin: 12.0pt 0in 6.0pt 0in;\"><span style=\"color: #404040;\">N\u00ebp\u00ebrmjet nj\u00eb postimi n\u00eb \u201cFacebook\u201d, Evis Kushi, tregon se \u00ebsht\u00eb zhvilluar nj\u00eb diskutim me p\u00ebrfaq\u00ebsues t\u00eb K\u00ebshillit Komb\u00ebtar t\u00eb Arsimit Parauniversitar, i cili \u00ebsht\u00eb edhe takimi i par\u00eb i konsultimit publik, p\u00ebr hartimin e k\u00ebsaj strategjie.<\/span><\/p>\n<p style=\"line-height: 22.5pt; background: white; box-sizing: border-box; -webkit-font-smoothing: antialiased; font-variant-ligatures: normal; font-variant-caps: normal; orphans: 2; text-align: start; widows: 2; -webkit-text-stroke-width: 0px; text-decoration-thickness: initial; text-decoration-style: initial; text-decoration-color: initial; word-spacing: 0px; margin: 12.0pt 0in 6.0pt 0in;\"><span style=\"color: #404040;\">Sa i p\u00ebrket arsimit parauniversitar, Ministrja shpjegon pikat kryesore q\u00eb do t\u00eb jen\u00eb n\u00eb fokusin e strategjis\u00eb: \u201c<em style=\"box-sizing: border-box; -webkit-font-smoothing: antialiased;\">N\u00eb fokus kryesor t\u00eb k\u00ebsaj strategjie p\u00ebr arsimin parauniversitar do t\u00eb jen\u00eb gjith\u00ebp\u00ebrfshirja dhe barazia n\u00eb arsim, digjitalizimi, meritokracia dhe zhvillimi profesional i m\u00ebsuesve, menaxhimi dhe sigurimi i cil\u00ebsis\u00eb n\u00eb arsim, si dhe shtimi i v\u00ebmendjes p\u00ebr zot\u00ebrimin e kompetencave t\u00eb t\u00eb nx\u00ebnit gjat\u00eb gjith\u00eb jet\u00ebs<\/em>\u201c.<\/span><\/p>\n<p style=\"line-height: 22.5pt; background: white; box-sizing: border-box; -webkit-font-smoothing: antialiased; font-variant-ligatures: normal; font-variant-caps: normal; orphans: 2; text-align: start; widows: 2; -webkit-text-stroke-width: 0px; text-decoration-thickness: initial; text-decoration-style: initial; text-decoration-color: initial; word-spacing: 0px; margin: 12.0pt 0in 6.0pt 0in;\"><span style=\"color: #404040;\">N\u00eb kuad\u00ebr t\u00eb Strategjis\u00eb Komb\u00ebtare t\u00eb Arsimit 2021-2026, Kushi shpreh angazhimin e plot\u00eb t\u00eb MASR p\u00ebr t\u00eb nd\u00ebrtuar nj\u00eb sistem arsimor sa m\u00eb gjith\u00ebp\u00ebrfshir\u00ebs, q\u00eb trajton nevojat individuale t\u00eb t\u00eb gjith\u00eb f\u00ebmij\u00ebve, nx\u00ebn\u00ebsve e student\u00ebve.<\/span><\/p>","protected":false},"excerpt":{"rendered":"<p>N\u00ebp\u00ebrmjet nj\u00eb postimi n\u00eb \u201cFacebook\u201d, Evis Kushi, tregon se \u00ebsht\u00eb zhvilluar nj\u00eb diskutim me p\u00ebrfaq\u00ebsues t\u00eb K\u00ebshillit Komb\u00ebtar t\u00eb Arsimit Parauniversitar, i cili \u00ebsht\u00eb edhe takimi i par\u00eb i konsultimit publik, p\u00ebr hartimin e k\u00ebsaj strategjie. Sa i p\u00ebrket arsimit parauniversitar, Ministrja shpjegon pikat kryesore q\u00eb do t\u00eb jen\u00eb n\u00eb fokusin e strategjis\u00eb: \u201cN\u00eb fokus [&hellip;]<\/p>\n","protected":false},"author":2016,"featured_media":183083,"comment_status":"closed","ping_status":"closed","sticky":false,"template":"","format":"standard","meta":{"footnotes":""},"categories":[241],"tags":[3123],"class_list":{"0":"post-183081","1":"post","2":"type-post","3":"status-publish","4":"format-standard","5":"has-post-thumbnail","7":"category-aktualitet","8":"tag-lajme-zjarr-kushi-do-ndertojme-nje-sistem-gjitheperfshires-zjarr-tv"},"_links":{"self":[{"href":"https:\/\/zjarr.tv\/en\/wp-json\/wp\/v2\/posts\/183081","targetHints":{"allow":["GET"]}}],"collection":[{"href":"https:\/\/zjarr.tv\/en\/wp-json\/wp\/v2\/posts"}],"about":[{"href":"https:\/\/zjarr.tv\/en\/wp-json\/wp\/v2\/types\/post"}],"author":[{"embeddable":true,"href":"https:\/\/zjarr.tv\/en\/wp-json\/wp\/v2\/users\/2016"}],"replies":[{"embeddable":true,"href":"https:\/\/zjarr.tv\/en\/wp-json\/wp\/v2\/comments?post=183081"}],"version-history":[{"count":0,"href":"https:\/\/zjarr.tv\/en\/wp-json\/wp\/v2\/posts\/183081\/revisions"}],"wp:featuredmedia":[{"embeddable":true,"href":"https:\/\/zjarr.tv\/en\/wp-json\/wp\/v2\/media\/183083"}],"wp:attachment":[{"href":"https:\/\/zjarr.tv\/en\/wp-json\/wp\/v2\/media?parent=183081"}],"wp:term":[{"taxonomy":"category","embeddable":true,"href":"https:\/\/zjarr.tv\/en\/wp-json\/wp\/v2\/categories?post=183081"},{"taxonomy":"post_tag","embeddable":true,"href":"https:\/\/zjarr.tv\/en\/wp-json\/wp\/v2\/tags?post=183081"}],"curies":[{"name":"wp","href":"https:\/\/api.w.org\/{rel}","templated":true}]}}