{"id":183227,"date":"2021-05-18T17:43:03","date_gmt":"2021-05-18T15:43:03","guid":{"rendered":"https:\/\/zjarr.tv\/?p=183227"},"modified":"2021-05-18T17:43:03","modified_gmt":"2021-05-18T15:43:03","slug":"bashkia-vlores-vuri-ne-sherbim-te-ps-te-gjitha-burimet-flet-marash-logu-shkeljet-e-evidentuara-nga-pd-jane-mjaftueshem-per-pavlefshmeri-te-zgjedhjeve","status":"publish","type":"post","link":"https:\/\/zjarr.tv\/en\/bashkia-vlores-vuri-ne-sherbim-te-ps-te-gjitha-burimet-flet-marash-logu-shkeljet-e-evidentuara-nga-pd-jane-mjaftueshem-per-pavlefshmeri-te-zgjedhjeve\/","title":{"rendered":"\u201cBashkia Vlor\u00ebs vuri n\u00eb sh\u00ebrbim t\u00eb PS t\u00eb gjitha burimet\u201d, flet Marash Logu: Shkeljet e evidentuara nga PD jan\u00eb mjaftuesh\u00ebm p\u00ebr pavlefshm\u00ebri t\u00eb zgjedhjeve"},"content":{"rendered":"<p>P\u00ebrfaq\u00ebsuesi i Partis\u00eb Demokratike n\u00eb KAS, Marash Logu ka zhvilluar nj\u00eb intervist\u00eb p\u00ebr Fax News k\u00ebt\u00eb t\u00eb mart\u00eb ku ka folur p\u00ebr shkeljet e pretenduara nga PD p\u00ebr sa i p\u00ebrket procesit zgjedhor t\u00eb 25 prillit.<\/p>\n<p>Sipas Logut, shkeljet e konstatuara nga PD jan\u00eb mjaftuesh\u00ebm p\u00ebr t\u00eb shpallur t\u00eb pavlefshm\u00eb procesin e zgjedhjeve t\u00eb 25 prillit, duke num\u00ebruar si problematika blerjen e votave, p\u00ebrdorimin e grupeve kriminale p\u00ebr interesa politike dhe p\u00ebrdorimin e administrat\u00ebs n\u00eb funksion t\u00eb qeveris\u00eb.<\/p>\n<p>Duke folur specifikisht p\u00ebr secilin qark, Marash Logu u ndal dhe te Bashkia e Vlor\u00ebs p\u00ebr t\u00eb cil\u00ebn tha se ka p\u00ebrdorur burimet e saj p\u00ebr fushat\u00ebn e Partis\u00eb Socialiste.<\/p>\n<p>Nd\u00ebr t\u00eb tjera, Marash logu theksoi se nuk ka asnj\u00eb parti e cila mund t\u2019ja dal\u00eb kur i duhet t\u00eb p\u00ebrballet jo me nj\u00eb parti politike q\u00eb ka nj\u00eb program por me nj\u00eb shtet i cili ka n\u00eb funksion t\u00eb tij \u00e7do gj\u00eb.<\/p>\n<p>Intervista:<\/p>\n<p>Ankesat? N\u00eb t\u00eb 9 qarqet u kemi shprehur ankesa ne kemi v\u00ebn\u00eb re tipologji t\u00eb nj\u00ebjta. Bashkia e Vlor\u00ebs vuri t\u00eb gjitha burimet e saj n\u00eb funksion t\u00eb PS. Nuk ka asnj\u00eb parti politike q\u00eb mund t\u2019ja dal\u00eb n\u00ebse para saj \u00ebsht\u00eb shteti. Praktikisht, opozita nuk pati nj\u00eb parti me nj\u00eb program, por pati p\u00ebrball\u00eb shtetin q\u00eb ofronte legalizime, etj. Ne kemi denoncuar raste konkrete si deputet\u00eb t\u00eb PS shfaqeshin n\u00eb ceremoni duke shp\u00ebrndar\u00eb legalizime.<\/p>\n<p>Gjirokastra? Jan\u00eb evidentuar 75 raste t\u00eb dyshimta. 2 raste kan\u00eb t\u00eb b\u00ebjn\u00eb me nj\u00eb person t\u00eb vet\u00ebm \u00eb ka tentuar t\u00eb votoj\u00eb n\u00eb 2 qendra t\u00eb ndryshme. Potencialisht ekziston mund\u00ebsia q\u00eb 12 persona t\u00eb ken\u00eb votuar disa her\u00eb me karta ID t\u00eb ndryshme. Kjo tregon q\u00eb problematika q\u00eb ngrihet me forc\u00eb nga PD \u00ebsht\u00eb nj\u00eb problematike q\u00eb q\u00ebndron. Nj\u00eb tjet\u00ebr problematik\u00eb \u00ebsht\u00eb dhe \u00e7\u00ebshtja e emigrant\u00ebve.<\/p>\n<p>Vet\u00ebm nj\u00eb jav\u00eb para zgjedhjeve vendos\u00ebn karantin\u00eb p\u00ebr emigrant\u00ebt. Nuk ju dha mund\u00ebsi t\u00eb votonin. N\u00eb Maqedoni dhe Greqi jeotjn\u00eb rreth 500 mij\u00eb shqiptar\u00eb me t\u00eb drejt\u00eb vote. Nga faktet dhe provat q\u00eb kemi grumbulluar, disa persona q\u00eb kishin bhyr\u00eb n\u00eb dogan\u00eb jo vet\u00ebm kishin votuar p\u00ebr PS por dhe kishin qen\u00eb n\u00eb komision p\u00ebr PS.<\/p>\n<p>Berati? Egziston mund\u00ebsia q\u00eb disa persona t\u00eb ken\u00eb votuar n\u00eb qendra votimi t\u00eb ndryshme. Jan\u00eb identifikuar shkelje t\u00eb r\u00ebnda. N\u00ebse KAS do t\u00eb pranonte marrjen e provave tona do t\u00eb kishin mund\u00ebsi t\u00eb faktonin masakr\u00ebn e 25 prillit. PD megjith\u00ebse \u00ebsht\u00eb parti e madhe, ka mund\u00ebsi t\u00eb kufizuar t\u00eb marr\u00eb informacione.<\/p>\n<p>Operatori q\u00eb i ka lejuar dhe komisioneri p\u00ebrgjegj\u00ebs duhet t\u00eb mbahen p\u00ebrgjegj\u00ebs. K\u00ebt\u00eb detyr\u00eb e ka KQZ. KQZ nuk ka n\u00eb plan t\u00eb b\u00ebj k\u00ebt\u00eb, prandaj dhe PD do t\u2019i drejtohet prokuroris\u00eb. Ajo q\u00eb nuk do t\u00eb donim t\u00eb ndodhte \u00ebsht\u00eb ajo q\u00eb ndodhi me dosjen e Dibr\u00ebs apo n\u00eb t\u00eb Durr\u00ebsit.<\/p>\n<p>Nuk mund t\u00eb ec\u00eb p\u00ebrpara asnj\u00eb shtet, kur ka pretendime q\u00eb zyrtar\u00ebt m\u00eb t\u00eb lart\u00eb t\u00eb shtetit jan\u00eb t\u00eb p\u00ebrfshir\u00eb n\u00eb blerje votash s\u00eb bashku me element\u00eb kriminal\u00eb. Shkeljet e evidentuara nga PD jan\u00eb t\u00eb mjaftueshme p\u00ebr pavlefshm\u00ebri t\u00eb zgjedhjeve.<\/p>\n<p>Pjesa m\u00eb e madhe e shkeljeve t\u00eb konstatuara nuk kan\u00eb ndodhur n\u00eb dit\u00ebn e votimit. Edhe po t\u00eb hapen kutit\u00eb t\u00eb themi ti nuk mund t\u00eb dallosh n\u00ebse nj\u00eb vot\u00eb \u00ebsht\u00eb e bler\u00eb. N\u00eb vler\u00ebsimin ton\u00eb, p\u00ebr aq koh\u00eb sa zgjedhjet do t\u00eb jen\u00eb t\u00eb tilla, dita e zgjedhjeve nuk do t\u00eb jet\u00eb p\u00ebr qytetar\u00ebt t\u00eb zgjedhin qeverin\u00eb e tyre po do t\u00eb jet\u00eb nj\u00eb masak\u00ebr zgjedhore.<\/p>","protected":false},"excerpt":{"rendered":"<p>P\u00ebrfaq\u00ebsuesi i Partis\u00eb Demokratike n\u00eb KAS, Marash Logu ka zhvilluar nj\u00eb intervist\u00eb p\u00ebr Fax News k\u00ebt\u00eb t\u00eb mart\u00eb ku ka folur p\u00ebr shkeljet e pretenduara nga PD p\u00ebr sa i p\u00ebrket procesit zgjedhor t\u00eb 25 prillit. Sipas Logut, shkeljet e konstatuara nga PD jan\u00eb mjaftuesh\u00ebm p\u00ebr t\u00eb shpallur t\u00eb pavlefshm\u00eb procesin e zgjedhjeve t\u00eb 25 [&hellip;]<\/p>\n","protected":false},"author":2031,"featured_media":183228,"comment_status":"closed","ping_status":"closed","sticky":false,"template":"","format":"standard","meta":{"footnotes":""},"categories":[231],"tags":[312,3132,329],"class_list":{"0":"post-183227","1":"post","2":"type-post","3":"status-publish","4":"format-standard","5":"has-post-thumbnail","7":"category-lajme","8":"tag-lajme","9":"tag-marash-logu","10":"tag-zjarr-tv"},"_links":{"self":[{"href":"https:\/\/zjarr.tv\/en\/wp-json\/wp\/v2\/posts\/183227","targetHints":{"allow":["GET"]}}],"collection":[{"href":"https:\/\/zjarr.tv\/en\/wp-json\/wp\/v2\/posts"}],"about":[{"href":"https:\/\/zjarr.tv\/en\/wp-json\/wp\/v2\/types\/post"}],"author":[{"embeddable":true,"href":"https:\/\/zjarr.tv\/en\/wp-json\/wp\/v2\/users\/2031"}],"replies":[{"embeddable":true,"href":"https:\/\/zjarr.tv\/en\/wp-json\/wp\/v2\/comments?post=183227"}],"version-history":[{"count":0,"href":"https:\/\/zjarr.tv\/en\/wp-json\/wp\/v2\/posts\/183227\/revisions"}],"wp:featuredmedia":[{"embeddable":true,"href":"https:\/\/zjarr.tv\/en\/wp-json\/wp\/v2\/media\/183228"}],"wp:attachment":[{"href":"https:\/\/zjarr.tv\/en\/wp-json\/wp\/v2\/media?parent=183227"}],"wp:term":[{"taxonomy":"category","embeddable":true,"href":"https:\/\/zjarr.tv\/en\/wp-json\/wp\/v2\/categories?post=183227"},{"taxonomy":"post_tag","embeddable":true,"href":"https:\/\/zjarr.tv\/en\/wp-json\/wp\/v2\/tags?post=183227"}],"curies":[{"name":"wp","href":"https:\/\/api.w.org\/{rel}","templated":true}]}}