{"id":183232,"date":"2021-05-18T18:06:19","date_gmt":"2021-05-18T16:06:19","guid":{"rendered":"https:\/\/zjarr.tv\/?p=183232"},"modified":"2021-05-18T18:06:19","modified_gmt":"2021-05-18T16:06:19","slug":"lufta-e-ashper-palestine-izrael-turqia-nuk-ka-frike-ta-thote-troc-nuk-do-ndalemi-asnjehere-se-ndihmuari-palestinezet","status":"publish","type":"post","link":"https:\/\/zjarr.tv\/en\/lufta-e-ashper-palestine-izrael-turqia-nuk-ka-frike-ta-thote-troc-nuk-do-ndalemi-asnjehere-se-ndihmuari-palestinezet\/","title":{"rendered":"Lufta e ashp\u00ebr Palestin\u00eb-Izrael, Turqia nuk ka frik\u00eb ta thot\u00eb tro\u00e7: Nuk do ndalemi asnj\u00ebher\u00eb s\u00eb ndihmuari palestinez\u00ebt"},"content":{"rendered":"<p>Lufta Izrael-Palestin\u00eb vazhdon dhe shum\u00eb vende po i ofrojn\u00eb ndihm\u00eb Palestin\u00ebs.<\/p>\n<p>Nd\u00ebr to edhe Turqia \u00ebsht\u00eb deklaruar n\u00eb krah t\u00eb Pal\u00ebstin\u00ebs ku Ministri i Jasht\u00ebm turk, Mevlut Cavusoglu ka b\u00ebr\u00eb nj\u00eb deklarat\u00eb dit\u00ebn e sotme ku ka th\u00ebn\u00eb se Ankaraja kurr\u00eb nuk do t\u00eb ndaloj\u00eb s\u00eb mb\u00ebshteturi \u00e7\u00ebshtjen palestineze.<\/p>\n<p><em>\u201cN\u00ebn udh\u00ebheqjen e presidentit ton\u00eb Rexhep Tajip Erdogan, dhe me fuqin\u00eb q\u00eb na \u00ebsht\u00eb dh\u00ebn\u00eb nga parlamenti yn\u00eb, ne kurr\u00eb nuk do t\u00eb heqim dor\u00eb nga mb\u00ebshtetja e \u00e7\u00ebshtjes Palestineze. Turqia \u00ebsht\u00eb pioniere e p\u00ebrpjekjeve diplomatike mbi \u00e7\u00ebshtjen Palestineze dhe do t\u00eb vazhdoj\u00eb t\u00eb jet\u00eb z\u00ebri i nd\u00ebrgjegjes dhe drejt\u00ebsis\u00eb n\u00eb bot\u00eb.\u201d<\/em>\u00a0u tha ligjv\u00ebn\u00ebsve n\u00eb parlament.<\/p>\n<p>Duke pohuar se atmosfera n\u00eb Turqi p\u00ebr \u00e7\u00ebshtjen e Palestin\u00ebs ishte nj\u00eb solidaritet i p\u00ebrbashk\u00ebt, \u00c7avusoglu tha: \u201cNe duhet t\u00eb jemi t\u00eb ndjesh\u00ebm n\u00eb ruajtjen e k\u00ebsaj\u201d, raporton Aljazeera.<\/p>","protected":false},"excerpt":{"rendered":"<p>Lufta Izrael-Palestin\u00eb vazhdon dhe shum\u00eb vende po i ofrojn\u00eb ndihm\u00eb Palestin\u00ebs. Nd\u00ebr to edhe Turqia \u00ebsht\u00eb deklaruar n\u00eb krah t\u00eb Pal\u00ebstin\u00ebs ku Ministri i Jasht\u00ebm turk, Mevlut Cavusoglu ka b\u00ebr\u00eb nj\u00eb deklarat\u00eb dit\u00ebn e sotme ku ka th\u00ebn\u00eb se Ankaraja kurr\u00eb nuk do t\u00eb ndaloj\u00eb s\u00eb mb\u00ebshteturi \u00e7\u00ebshtjen palestineze. \u201cN\u00ebn udh\u00ebheqjen e presidentit ton\u00eb Rexhep [&hellip;]<\/p>\n","protected":false},"author":2030,"featured_media":183235,"comment_status":"closed","ping_status":"closed","sticky":false,"template":"","format":"standard","meta":{"footnotes":""},"categories":[241,191,1454],"tags":[],"class_list":{"0":"post-183232","1":"post","2":"type-post","3":"status-publish","4":"format-standard","5":"has-post-thumbnail","7":"category-aktualitet","8":"category-bota","9":"category-politike"},"_links":{"self":[{"href":"https:\/\/zjarr.tv\/en\/wp-json\/wp\/v2\/posts\/183232","targetHints":{"allow":["GET"]}}],"collection":[{"href":"https:\/\/zjarr.tv\/en\/wp-json\/wp\/v2\/posts"}],"about":[{"href":"https:\/\/zjarr.tv\/en\/wp-json\/wp\/v2\/types\/post"}],"author":[{"embeddable":true,"href":"https:\/\/zjarr.tv\/en\/wp-json\/wp\/v2\/users\/2030"}],"replies":[{"embeddable":true,"href":"https:\/\/zjarr.tv\/en\/wp-json\/wp\/v2\/comments?post=183232"}],"version-history":[{"count":0,"href":"https:\/\/zjarr.tv\/en\/wp-json\/wp\/v2\/posts\/183232\/revisions"}],"wp:featuredmedia":[{"embeddable":true,"href":"https:\/\/zjarr.tv\/en\/wp-json\/wp\/v2\/media\/183235"}],"wp:attachment":[{"href":"https:\/\/zjarr.tv\/en\/wp-json\/wp\/v2\/media?parent=183232"}],"wp:term":[{"taxonomy":"category","embeddable":true,"href":"https:\/\/zjarr.tv\/en\/wp-json\/wp\/v2\/categories?post=183232"},{"taxonomy":"post_tag","embeddable":true,"href":"https:\/\/zjarr.tv\/en\/wp-json\/wp\/v2\/tags?post=183232"}],"curies":[{"name":"wp","href":"https:\/\/api.w.org\/{rel}","templated":true}]}}