{"id":183248,"date":"2021-05-19T07:07:39","date_gmt":"2021-05-19T05:07:39","guid":{"rendered":"https:\/\/zjarr.tv\/?p=183248"},"modified":"2021-05-19T07:07:39","modified_gmt":"2021-05-19T05:07:39","slug":"fatos-nano-kandidature-e-pershtatshme-per-president-deputeti-socialist-tregon-cfare-mund-te-ndodhe-ben-deklaraten-e-forte-edhe-per-meten","status":"publish","type":"post","link":"https:\/\/zjarr.tv\/en\/fatos-nano-kandidature-e-pershtatshme-per-president-deputeti-socialist-tregon-cfare-mund-te-ndodhe-ben-deklaraten-e-forte-edhe-per-meten\/","title":{"rendered":"Fatos Nano kandidatur\u00eb e p\u00ebrshtatshme p\u00ebr President? Deputeti socialist tregon \u00e7far\u00eb mund t\u00eb ndodh\u00eb, b\u00ebn deklarat\u00ebn e fort\u00eb edhe p\u00ebr Met\u00ebn\u2026"},"content":{"rendered":"<p>Socialisti Xhemal Qefalia, an\u00ebtar i Komisionit Hetimor p\u00ebr shkarkimin e Presidentit, \u00ebsht\u00eb shprehur se Meta m\u00eb shum\u00eb i duhet opozit\u00ebs si lider.<\/p>\n<p><em style=\"font-weight: inherit;\">\u201cAi \u00ebsht\u00eb ftuar n\u00eb komision dhe shpresoj q\u00eb t\u00eb vi e t\u00eb jet\u00eb n\u00eb rregull me Kushtetut\u00ebn dhe rregulloren e Kuvendit. Mbetet p\u00ebr t\u2019u par\u00eb n\u00ebse Meta do i bashkohet opozit\u00ebs si lider apo do t\u00eb vazhdoj\u00eb detyr\u00ebn e tij si President. Por opozita ka nevoj\u00eb ta ket\u00eb presidentin pran\u00eb tyre si nj\u00eb drejtues opozite\u201d<\/em>, tha Qefalia.<\/p>\n<p>I pyetur p\u00ebr emrin e Presidentit t\u00eb ri, Qefalia e konsideroi t\u00eb p\u00ebrshtatsh\u00ebm kandidatur\u00ebn e socialistit t\u00eb vjet\u00ebr, Fatos Nano, por shton se PS nuk e synon k\u00ebt\u00eb institucion duke l\u00ebn\u00eb t\u00eb hapur bashk\u00ebpunimin me PD. <em style=\"font-weight: inherit;\">\u201cPS nuk synon postin e Presidentit, p\u00ebr ne ka r\u00ebnd\u00ebsi q\u00eb Presidenti t\u00eb kryej mir\u00eb funksionet e detyr\u00ebs mb\u00ebshtetur n\u00eb Kushtetut\u00eb. Nano \u00ebsht\u00eb personalitet n\u00eb PS, kontribuues q\u00eb n\u00eb formimin e saj dhe drejtimin e PS dhe pse jo \u00ebsht\u00eb nj\u00eb kandidatur\u00eb e p\u00ebrshtatshme n\u00ebse pranon. Personi q\u00eb duhet t\u00eb zgjidhet mendoj t\u00eb jet\u00eb nj\u00ebri intelektual q\u00eb do i b\u00ebnte nd\u00ebr vendit\u201d<\/em>, tha ai p\u00ebr Report TV.<\/p>\n<p>Kongresin e Jasht\u00ebzakonsh\u00ebm t\u00eb 12 Qershorit, Qefalia e cil\u00ebson nj\u00eb mund\u00ebsi p\u00ebr t\u00eb kryer analiz\u00ebn e Zgjedhjeve t\u00eb 25 Prillit si dhe nisjen e p\u00ebrgatitjeve p\u00ebr proceset e ardhshme zgjedhore.<\/p>\n<p><em style=\"font-weight: inherit;\"> \u201c\u00cbsht\u00eb tradit\u00eb e PS q\u00eb pas zgjedhjeve t\u00eb b\u00ebhet analiz\u00eb e rezultateve dhe projeksioneve. Kjo nxjerr n\u00eb pah vlerat e secilit individ gjat\u00eb fushat\u00ebs pjesa e kabinetit t\u00eb ri mbetet p\u00ebr t\u2019u p\u00ebrzgjedh nga Kryeministri, por mendoj se mbeten pa ndryshuar ministrat aktual, pasi kan\u00eb b\u00ebr\u00eb pun\u00eb t\u00eb mir\u00eb. Kabineti i ri do t\u00eb ngulmoj\u00eb fuqish\u00ebm q\u00eb deri n\u00eb zgjedhjet vendore t\u00eb dalim faqebardh\u00eb p\u00ebr t\u00eb k\u00ebrkuar vot\u00ebn s\u00ebrish\u201d<\/em>, tha Qefalia. Zgjedhjet p\u00ebr kryetar brenda Partis\u00eb Demokratike, nj\u00eb dit\u00eb pas Kongresit, deputeti socialisti nuk i la pa komentuar.<\/p>\n<p><em style=\"font-weight: inherit;\">\u201c\u00cbsht\u00eb strategji e PD t\u00eb mbaj kryetarin t\u00eb konservuar., Ata zgjodh\u00ebn dat\u00ebn 13 Qershor, pik\u00ebrisht nj\u00eb dit\u00eb pas fest\u00ebs s\u00eb PS, t\u00eb zhvillojn\u00eb zgjedhjet p\u00ebr kryetar. Shpresoj t\u00eb mos ken\u00eb kontestime brenda list\u00ebs, p\u00ebr ne \u00ebsht\u00eb e r\u00ebnd\u00ebsishme t\u00eb realizojm\u00eb premtimet q\u00eb kemi dh\u00ebn\u00eb\u201d<\/em>, u shpreh ai. Nd\u00ebrsa mandati i tret\u00eb p\u00ebr PS, sipas Qefalias, \u00ebsht\u00eb plan veprimi p\u00ebr t\u00eb vazhduar pun\u00ebt e nisura, ku n\u00eb fokus do t\u00eb jet\u00eb zhvillimi i zonave rurale. Si nj\u00eb nga drejtuesit e PS n\u00eb zonat rurale t\u00eb Tiran\u00ebs, ai premtoi nd\u00ebrtimin e nj\u00eb tregu t\u00eb r\u00ebnd\u00ebsish\u00ebm p\u00ebr prodhimet vendase, p\u00ebr banor\u00ebt e Fark\u00ebs e Petrel\u00ebs.<\/p>\n<p>&nbsp;<\/p>","protected":false},"excerpt":{"rendered":"<p>Socialisti Xhemal Qefalia, an\u00ebtar i Komisionit Hetimor p\u00ebr shkarkimin e Presidentit, \u00ebsht\u00eb shprehur se Meta m\u00eb shum\u00eb i duhet opozit\u00ebs si lider. \u201cAi \u00ebsht\u00eb ftuar n\u00eb komision dhe shpresoj q\u00eb t\u00eb vi e t\u00eb jet\u00eb n\u00eb rregull me Kushtetut\u00ebn dhe rregulloren e Kuvendit. Mbetet p\u00ebr t\u2019u par\u00eb n\u00ebse Meta do i bashkohet opozit\u00ebs si lider [&hellip;]<\/p>\n","protected":false},"author":2016,"featured_media":183250,"comment_status":"closed","ping_status":"closed","sticky":false,"template":"","format":"standard","meta":{"footnotes":""},"categories":[241],"tags":[3134],"class_list":{"0":"post-183248","1":"post","2":"type-post","3":"status-publish","4":"format-standard","5":"has-post-thumbnail","7":"category-aktualitet","8":"tag-lajme-zjarr-nano-i-pershtatshem-per-president-zjarr-tv"},"_links":{"self":[{"href":"https:\/\/zjarr.tv\/en\/wp-json\/wp\/v2\/posts\/183248","targetHints":{"allow":["GET"]}}],"collection":[{"href":"https:\/\/zjarr.tv\/en\/wp-json\/wp\/v2\/posts"}],"about":[{"href":"https:\/\/zjarr.tv\/en\/wp-json\/wp\/v2\/types\/post"}],"author":[{"embeddable":true,"href":"https:\/\/zjarr.tv\/en\/wp-json\/wp\/v2\/users\/2016"}],"replies":[{"embeddable":true,"href":"https:\/\/zjarr.tv\/en\/wp-json\/wp\/v2\/comments?post=183248"}],"version-history":[{"count":0,"href":"https:\/\/zjarr.tv\/en\/wp-json\/wp\/v2\/posts\/183248\/revisions"}],"wp:featuredmedia":[{"embeddable":true,"href":"https:\/\/zjarr.tv\/en\/wp-json\/wp\/v2\/media\/183250"}],"wp:attachment":[{"href":"https:\/\/zjarr.tv\/en\/wp-json\/wp\/v2\/media?parent=183248"}],"wp:term":[{"taxonomy":"category","embeddable":true,"href":"https:\/\/zjarr.tv\/en\/wp-json\/wp\/v2\/categories?post=183248"},{"taxonomy":"post_tag","embeddable":true,"href":"https:\/\/zjarr.tv\/en\/wp-json\/wp\/v2\/tags?post=183248"}],"curies":[{"name":"wp","href":"https:\/\/api.w.org\/{rel}","templated":true}]}}