{"id":183255,"date":"2021-05-19T07:41:49","date_gmt":"2021-05-19T05:41:49","guid":{"rendered":"https:\/\/zjarr.tv\/?p=183255"},"modified":"2021-05-19T07:41:49","modified_gmt":"2021-05-19T05:41:49","slug":"petrit-vasili-zgjedhjet-kane-rene-askush-nuk-do-ta-fale-rilindjen","status":"publish","type":"post","link":"https:\/\/zjarr.tv\/en\/petrit-vasili-zgjedhjet-kane-rene-askush-nuk-do-ta-fale-rilindjen\/","title":{"rendered":"Petrit Vasili: Zgjedhjet kan\u00eb r\u00ebn\u00eb, askush nuk do ta fal\u00eb Rilindjen\u2026"},"content":{"rendered":"<p>N\u00ebnkryetari i LSI-s\u00eb Petrit Vasili, thot\u00eb se disa t\u00eb dh\u00ebna t\u00eb zbuluara n\u00eb Komisionin e Ankesave dhe Sanksioneve p\u00ebr Zgjedhjet n\u00eb Gjirokast\u00ebr, ku qytetar\u00eb rezultuan se kishin votuar mbi nj\u00eb her\u00eb. N\u00ebp\u00ebrmjet nj\u00eb reagimi n\u00eb rrjetet sociale, Vasili akuzon qeverin\u00eb se q\u00ebllimisht bllokoi ardhjen e emigrant\u00ebve p\u00ebr t\u00eb votuar, ku sipas tij, u lejuan vet\u00ebm ata emigrant\u00eb t\u00eb identifikuar si socialist\u00eb.<\/p>\n<p>\u201cZgjedhjet kan\u00eb r\u00ebn\u00eb\u201d, thot\u00eb Vasili n\u00eb shkrimin e tij, teksa shton se: \u201caskush nuk do ta fal\u00eb rilindjen p\u00ebr k\u00ebt\u00eb manipulim t\u00eb r\u00ebnd\u00eb\u201d.<\/p>\n<p><strong>Shkrimi i plot\u00eb:<\/strong><\/p>\n<p>Zgjedhjet rane perfundimisht pas proves se tmerrshme te Gjirokastres!!<\/p>\n<p>Fakti!\u00a0 Vendimi i KZAZ Nr. 82, qarku Gjirokast\u00ebr p\u00ebr em\u00ebrimin e an\u00ebtar\u00ebve t\u00eb Grupit t\u00eb Num\u00ebrimit Nr. 4. Num\u00ebrues i par\u00eb \u00ebsht\u00eb shtetasi Thanos Andrea Karameno (PS). Ky shtetas rezulton se \u00ebsht\u00eb futur n\u00eb Shqip\u00ebri nga Greqia, pas dat\u00ebs 19 prill kur u vendos karantinimi 2-javor i personave q\u00eb vinin nga Greqia dhe Maqedonia. Perjashtimi i mijra shqiptareve nga Greqia, ndersa rilindasit erdhen pas dates karantines dhe qeveria i futi ne komisione rrezoi perfundimisht 25 prillin! Qindra mijra shqiptare ne Greqi u perjashtuan nga votimi permes nje vendimi antikushtetues te dates 19 prill, qe i detyronte te karantinoheshin per dy jave kushdo qe vinte nga Greqia. U provua boterisht se rilindasit, qe jetojne ne Greqi erdhen lirisht ne Shqiperi, nuk ju nenshtruan fare karantines u bene edhe komisionere edhe votuan.<\/p>\n<p>Qeveria e Edi Rames nepermjet Komitetit te Eksperteve mori nje vendim i cili rrezoi zgjedhjet e 25 prillit. Nje Komitet Ekspertesh mjeksore u be pjese e pu\u00e7it ndaj zgjedhjeve duke marre persiper pergjegjesi renda penale, sepse karantina u vendos ne date 19 kur Greqia kishte 1800 raste me Covid ne dite dhe karantina u hoq kur ne Greqi kishte 3400 raste te reja ne dite. Prova qe rilindasit hyne pa karantine ne Shqiperi dhe u bene numerues ne komisionet e votimit dhe votues ndersa qindra mijra shqiptare ju ndalua votimi ka rrezuar dhe i ka bere zero zgjedhjet e 25 prillit. Zgjedhjet kane rene!! Askush nuk do ta fale rilindjen per kete vep\u00ebr kaq te rende! Populli nuk mund te fale kurre! Beteja do t\u00eb vazhdoj\u00eb deri n\u00eb fund per zbardhjen, denoncimin dhe e vjedhjes m\u00eb t\u00eb madhe t\u00eb shqiptar\u00ebve n\u00eb historin\u00eb e zgjedhjeve.<\/p>\n<p>&nbsp;<\/p>","protected":false},"excerpt":{"rendered":"<p>N\u00ebnkryetari i LSI-s\u00eb Petrit Vasili, thot\u00eb se disa t\u00eb dh\u00ebna t\u00eb zbuluara n\u00eb Komisionin e Ankesave dhe Sanksioneve p\u00ebr Zgjedhjet n\u00eb Gjirokast\u00ebr, ku qytetar\u00eb rezultuan se kishin votuar mbi nj\u00eb her\u00eb. N\u00ebp\u00ebrmjet nj\u00eb reagimi n\u00eb rrjetet sociale, Vasili akuzon qeverin\u00eb se q\u00ebllimisht bllokoi ardhjen e emigrant\u00ebve p\u00ebr t\u00eb votuar, ku sipas tij, u lejuan vet\u00ebm [&hellip;]<\/p>\n","protected":false},"author":2016,"featured_media":183257,"comment_status":"closed","ping_status":"closed","sticky":false,"template":"","format":"standard","meta":{"footnotes":""},"categories":[241],"tags":[3136],"class_list":{"0":"post-183255","1":"post","2":"type-post","3":"status-publish","4":"format-standard","5":"has-post-thumbnail","7":"category-aktualitet","8":"tag-lajme-zjarr-vasili-zgjedhjet-kane-rene-zjarr-tv"},"_links":{"self":[{"href":"https:\/\/zjarr.tv\/en\/wp-json\/wp\/v2\/posts\/183255","targetHints":{"allow":["GET"]}}],"collection":[{"href":"https:\/\/zjarr.tv\/en\/wp-json\/wp\/v2\/posts"}],"about":[{"href":"https:\/\/zjarr.tv\/en\/wp-json\/wp\/v2\/types\/post"}],"author":[{"embeddable":true,"href":"https:\/\/zjarr.tv\/en\/wp-json\/wp\/v2\/users\/2016"}],"replies":[{"embeddable":true,"href":"https:\/\/zjarr.tv\/en\/wp-json\/wp\/v2\/comments?post=183255"}],"version-history":[{"count":0,"href":"https:\/\/zjarr.tv\/en\/wp-json\/wp\/v2\/posts\/183255\/revisions"}],"wp:featuredmedia":[{"embeddable":true,"href":"https:\/\/zjarr.tv\/en\/wp-json\/wp\/v2\/media\/183257"}],"wp:attachment":[{"href":"https:\/\/zjarr.tv\/en\/wp-json\/wp\/v2\/media?parent=183255"}],"wp:term":[{"taxonomy":"category","embeddable":true,"href":"https:\/\/zjarr.tv\/en\/wp-json\/wp\/v2\/categories?post=183255"},{"taxonomy":"post_tag","embeddable":true,"href":"https:\/\/zjarr.tv\/en\/wp-json\/wp\/v2\/tags?post=183255"}],"curies":[{"name":"wp","href":"https:\/\/api.w.org\/{rel}","templated":true}]}}