{"id":183264,"date":"2021-05-19T08:36:40","date_gmt":"2021-05-19T06:36:40","guid":{"rendered":"https:\/\/zjarr.tv\/?p=183264"},"modified":"2021-05-19T08:36:40","modified_gmt":"2021-05-19T06:36:40","slug":"edmond-spaho-zgjedhjet-u-vodhen-basha-nuk-ka-arsye-per-te-dhene-doreheqjen","status":"publish","type":"post","link":"https:\/\/zjarr.tv\/en\/edmond-spaho-zgjedhjet-u-vodhen-basha-nuk-ka-arsye-per-te-dhene-doreheqjen\/","title":{"rendered":"Edmond Spaho: Zgjedhjet u vodh\u00ebn, Basha nuk ka arsye p\u00ebr t\u00eb dh\u00ebn\u00eb dor\u00ebheqjen\u2026"},"content":{"rendered":"<p>N\u00ebnkryetari i partis\u00eb Demokratike, Edmond Spaho, ka folur n\u00eb \u201cRadari Informativ\u201d n\u00eb ABC, dit\u00ebn e djeshme, ku ka dh\u00ebn\u00eb detaje n\u00eb lidhje me Zgjedhjet e reja q\u00eb do t\u00eb zhvillohen n\u00eb PD, p\u00ebr zgjedhjet e kryetarit.<\/p>\n<p>Spaho n\u00eb fjal\u00ebn e tij, ka theksuar se zhurma q\u00eb po b\u00ebhet n\u00eb lidhje me k\u00ebto zgjedhje, \u00ebsht\u00eb e panevojshme.<\/p>\n<p>Nd\u00ebr t\u00eb tjera, ai thekson se Zgjedhjet e 25 Prillit nuk do t\u00eb njihen. Sipas Spahos, Zgjedhjet nuk u humb\u00ebn, por u vodh\u00ebn ndaj nuk kishte arsye q\u00eb kryetari i PD-s\u00eb Basha t\u00eb jap\u00eb dor\u00ebheqjen.<\/p>\n<p><em> \u201cN\u00eb PD historikisht ka pasur debate, u mblodh kryesia dhe u vendos q\u00eb t\u00eb mbahen zgjedhjet me 13 qershor, p\u00ebr kryetarin e ri t\u00eb PD. Kryesia dhe K\u00ebshilli Komb\u00ebtar i PD dol\u00ebn n\u00eb p\u00ebrfundim se zgjedhjet jan\u00eb t\u00eb grabitura, p\u00ebr rrjedhoj\u00eb ne duhet q\u00eb t\u00eb marrim vendime t\u00eb r\u00ebnd\u00ebsishme dhe si\u00e7 e dini ju data zyrtare \u00ebsht\u00eb n\u00eb korrik. Duhet q\u00eb udh\u00ebheq\u00ebsja e PD duhet t\u00eb ket\u00eb legjitimitet t\u00eb plot\u00eb, q\u00eb PD t\u00eb jet\u00eb n\u00eb gjendje q\u00eb t\u00eb vijoj\u00eb q\u00ebllimin e s\u2019ja si\u00e7 duhet n\u00eb lidhje me \u00e7\u00ebshtjet e l\u00ebna. N\u00ebse KQZ dhe KAS nuk do t\u00eb marrin vendim n\u00eb favor t\u00eb anulimit t\u00eb zgjedhjeve apo rip\u00ebrs\u00ebritjen e tyre, dhe un\u00eb jam skeptik n\u00eb lidhje me k\u00ebt\u00eb duke par\u00eb zhvillimet e tanishme do t\u00eb detyrohemi t\u00eb shkojm\u00eb n\u00eb Strasburg ndaj \u00ebsht\u00eb e r\u00ebnd\u00ebsishme legjitimiteti i partis\u00eb.<\/em><\/p>\n<p><em>Gjat\u00eb gjith\u00eb ver\u00ebs k\u00ebto jan\u00eb cikle q\u00eb duhet t\u00eb shqyrtohen, n\u00eb fund t\u00eb qershorit mund t\u00eb p\u00ebrfundoj\u00eb procesi i ankimimit p\u00ebr t\u00eb m\u00ebsuar m\u00eb pas dhe raportin e OSBE ODIHR.\u00a0Ne k\u00ebto zgjedhje nuk do i njohim p\u00ebr k\u00ebt\u00eb nuk ka dyshim, ne kemi paraqitur fakte pafund q\u00eb zgjedhjet jan\u00eb manipuluar, jan\u00eb 10 mandate deputeti q\u00eb dihet se nga e kan\u00eb origjin\u00ebn e tyre nga parat\u00eb. Tenderimet, administrata shtet\u00ebrore, buxheti i shtetit i p\u00ebrdorur n\u00eb favor t\u00eb zgjedhjeve. \u00cbsht\u00eb e r\u00ebnd\u00ebsishme q\u00eb t\u00eb kemi nj\u00eb udh\u00ebheqje legjitime p\u00ebr t\u2019i shkuar n\u00eb fund t\u00eb gjith\u00eb k\u00ebtyre \u00e7\u00ebshtjeve. Ne nuk po themi q\u00eb duhet t\u00eb jet\u00eb Basha n\u00eb krye t\u00eb partis\u00eb por \u00ebsht\u00eb hapur nj\u00eb gar\u00eb brenda partis\u00eb. N\u00ebse do t\u00eb ishin humbur zgjedhjet kryetari do t\u00eb kishte dh\u00ebn\u00eb dor\u00ebheqjen, por k\u00ebto jan\u00eb zgjedhje t\u00eb vjedhura jo t\u00eb humbura, ndaj nuk ka arsye q\u00eb t\u00eb jap\u00eb dor\u00ebheqje, si\u00e7 k\u00ebrkojn\u00eb kund\u00ebrshtar\u00ebt e Bash\u00ebs n\u00eb Partin\u00eb Demokratike. Me t\u00eb gjith\u00eb vjedhjen q\u00eb \u00ebsht\u00eb b\u00ebr\u00eb zgjedhjeve ne kemi arritur q\u00eb t\u00eb marrin rezultatin m\u00eb t\u00eb mir\u00eb.\u00a0<\/em><\/p>\n<p><em> Kandidati q\u00eb ka shpallur kandidatur\u00ebn nuk \u00ebsht\u00eb ankuar p\u00ebr koh\u00ebn n\u00eb dispozicion, por thjesht ka k\u00ebrkuar dor\u00ebheqjen e Bash\u00ebs. Mendoj se tre jav\u00eb jan\u00eb m\u00ebse t\u00eb mjaftueshme p\u00ebr t\u00eb b\u00ebr\u00eb t\u00eb mundur realizimin e zgjedhjeve p\u00ebr kryetarin e Partis\u00eb. Ky do t\u00eb jet\u00eb nj\u00eb proces analize, sepse t\u00eb gjith\u00eb kandidat\u00ebt do t\u00eb shkojn\u00eb te an\u00ebtar\u00ebsia dhe do t\u00eb paqaqesin nj\u00eb raport n\u00eb lidhje me zgjedhjet. Nuk shikoj ndonj\u00eb problem t\u00eb r\u00ebnd\u00ebsish\u00ebm qoft\u00eb me koh\u00ebn n\u00eb dispozicion apo me afrimin e dat\u00ebs<\/em>\u201d, k\u00ebshtu \u00ebsht\u00eb shprehur Spaho.<\/p>\n<p>&nbsp;<\/p>","protected":false},"excerpt":{"rendered":"<p>N\u00ebnkryetari i partis\u00eb Demokratike, Edmond Spaho, ka folur n\u00eb \u201cRadari Informativ\u201d n\u00eb ABC, dit\u00ebn e djeshme, ku ka dh\u00ebn\u00eb detaje n\u00eb lidhje me Zgjedhjet e reja q\u00eb do t\u00eb zhvillohen n\u00eb PD, p\u00ebr zgjedhjet e kryetarit. Spaho n\u00eb fjal\u00ebn e tij, ka theksuar se zhurma q\u00eb po b\u00ebhet n\u00eb lidhje me k\u00ebto zgjedhje, \u00ebsht\u00eb e [&hellip;]<\/p>\n","protected":false},"author":2016,"featured_media":183266,"comment_status":"closed","ping_status":"closed","sticky":false,"template":"","format":"standard","meta":{"footnotes":""},"categories":[241,1454],"tags":[3139],"class_list":{"0":"post-183264","1":"post","2":"type-post","3":"status-publish","4":"format-standard","5":"has-post-thumbnail","7":"category-aktualitet","8":"category-politike","9":"tag-lajme-zjarr-spaho-basha-nuk-ka-arsye-per-te-dhene-doreheqjen-zjarr-tv"},"_links":{"self":[{"href":"https:\/\/zjarr.tv\/en\/wp-json\/wp\/v2\/posts\/183264","targetHints":{"allow":["GET"]}}],"collection":[{"href":"https:\/\/zjarr.tv\/en\/wp-json\/wp\/v2\/posts"}],"about":[{"href":"https:\/\/zjarr.tv\/en\/wp-json\/wp\/v2\/types\/post"}],"author":[{"embeddable":true,"href":"https:\/\/zjarr.tv\/en\/wp-json\/wp\/v2\/users\/2016"}],"replies":[{"embeddable":true,"href":"https:\/\/zjarr.tv\/en\/wp-json\/wp\/v2\/comments?post=183264"}],"version-history":[{"count":0,"href":"https:\/\/zjarr.tv\/en\/wp-json\/wp\/v2\/posts\/183264\/revisions"}],"wp:featuredmedia":[{"embeddable":true,"href":"https:\/\/zjarr.tv\/en\/wp-json\/wp\/v2\/media\/183266"}],"wp:attachment":[{"href":"https:\/\/zjarr.tv\/en\/wp-json\/wp\/v2\/media?parent=183264"}],"wp:term":[{"taxonomy":"category","embeddable":true,"href":"https:\/\/zjarr.tv\/en\/wp-json\/wp\/v2\/categories?post=183264"},{"taxonomy":"post_tag","embeddable":true,"href":"https:\/\/zjarr.tv\/en\/wp-json\/wp\/v2\/tags?post=183264"}],"curies":[{"name":"wp","href":"https:\/\/api.w.org\/{rel}","templated":true}]}}