{"id":183324,"date":"2021-05-19T15:56:28","date_gmt":"2021-05-19T13:56:28","guid":{"rendered":"https:\/\/zjarr.tv\/?p=183324"},"modified":"2021-05-19T15:56:28","modified_gmt":"2021-05-19T13:56:28","slug":"nga-bledian-koka-na-fal-znj-juri","status":"publish","type":"post","link":"https:\/\/zjarr.tv\/en\/nga-bledian-koka-na-fal-znj-juri\/","title":{"rendered":"NGA BLEDIAN KOKA\/ Na fal Znj. Juri&#8230;"},"content":{"rendered":"<p>NGA BLEDIAN KOKA<\/p>\n<p>Na fal Znj. Juri&#8230;<\/p>\n<p>&#8230;Na fal q\u00eb nuk jemi ngritur n\u00eb lart\u00ebsin\u00eb e detyr\u00ebs si gazetar\u00eb p\u00ebr t\u2019i dh\u00ebn\u00eb frym\u00eb aksioneve parapolitike t\u00eb SPAK-ut p\u00ebr llogari t\u00eb Erion Veliajt ,p\u00ebr t\u00eb sulmuar pronar\u00eb mediash, por kemi q\u00ebn\u00eb t\u00eb z\u00ebn\u00eb ato koh\u00eb duke publikuar dosjet 184 e 339 bashk\u00eb me p\u00ebrgjimet e Ndraghetas q\u00eb shkonin deri ne zyr\u00ebn e Kryetarit te Bashkis\u00eb s\u00eb Tiran\u00ebs.<\/p>\n<p>Me th\u00ebn\u00eb t\u00eb drejt\u00ebn at\u00eb koh\u00eb kemi qen\u00eb t\u00eb z\u00ebn\u00eb edhe duke denoncuar shembjen e Teatrit Kombetar bashk\u00eb me ligjin Fusha. Po ato koh\u00eb kemi qen\u00eb edhe duke u marr\u00eb me skandalin e Unazes se Re q\u00eb mb\u00ebrriti deri ne Delawere. Me shum\u00eb mund\u00ebsi at\u00eb koh\u00eb do kemi pasur n\u00eb dor\u00eb edhe afer\u00ebn e Incenerator\u00ebve p\u00ebr Zotin!<\/p>\n<p>P.S&#8230;A \u00a0na fal edhe q\u00eb nuk t\u2019i shpjegojm\u00eb dot sesi do t\u00eb kemi pas 12 vjetesh 3 deputete socialedemokrate q\u00eb burojn\u00eb fiks nga ato parat\u00eb e korrupsionit p\u00ebr t\u00eb cilat u angazhuat aq shum\u00eb t\u00eb mos perfundonin n\u00eb parlament me kostumin TD!<\/p>\n<p>V.O..por \u00a0ke t\u00eb drejt\u00eb, zgjedhjet dit\u00ebn e zgjedhjeve qen\u00eb yll<\/p>","protected":false},"excerpt":{"rendered":"<p>NGA BLEDIAN KOKA Na fal Znj. Juri&#8230; &#8230;Na fal q\u00eb nuk jemi ngritur n\u00eb lart\u00ebsin\u00eb e detyr\u00ebs si gazetar\u00eb p\u00ebr t\u2019i dh\u00ebn\u00eb frym\u00eb aksioneve parapolitike t\u00eb SPAK-ut p\u00ebr llogari t\u00eb Erion Veliajt ,p\u00ebr t\u00eb sulmuar pronar\u00eb mediash, por kemi q\u00ebn\u00eb t\u00eb z\u00ebn\u00eb ato koh\u00eb duke publikuar dosjet 184 e 339 bashk\u00eb me p\u00ebrgjimet e Ndraghetas [&hellip;]<\/p>\n","protected":false},"author":2031,"featured_media":183325,"comment_status":"closed","ping_status":"closed","sticky":false,"template":"","format":"standard","meta":{"footnotes":""},"categories":[364,231],"tags":[3153,312,2383,458],"class_list":{"0":"post-183324","1":"post","2":"type-post","3":"status-publish","4":"format-standard","5":"has-post-thumbnail","7":"category-koment-opinion","8":"category-lajme","9":"tag-bledian-koka","10":"tag-lajme","11":"tag-yuri-kim","12":"tag-zjarrtv"},"_links":{"self":[{"href":"https:\/\/zjarr.tv\/en\/wp-json\/wp\/v2\/posts\/183324","targetHints":{"allow":["GET"]}}],"collection":[{"href":"https:\/\/zjarr.tv\/en\/wp-json\/wp\/v2\/posts"}],"about":[{"href":"https:\/\/zjarr.tv\/en\/wp-json\/wp\/v2\/types\/post"}],"author":[{"embeddable":true,"href":"https:\/\/zjarr.tv\/en\/wp-json\/wp\/v2\/users\/2031"}],"replies":[{"embeddable":true,"href":"https:\/\/zjarr.tv\/en\/wp-json\/wp\/v2\/comments?post=183324"}],"version-history":[{"count":0,"href":"https:\/\/zjarr.tv\/en\/wp-json\/wp\/v2\/posts\/183324\/revisions"}],"wp:featuredmedia":[{"embeddable":true,"href":"https:\/\/zjarr.tv\/en\/wp-json\/wp\/v2\/media\/183325"}],"wp:attachment":[{"href":"https:\/\/zjarr.tv\/en\/wp-json\/wp\/v2\/media?parent=183324"}],"wp:term":[{"taxonomy":"category","embeddable":true,"href":"https:\/\/zjarr.tv\/en\/wp-json\/wp\/v2\/categories?post=183324"},{"taxonomy":"post_tag","embeddable":true,"href":"https:\/\/zjarr.tv\/en\/wp-json\/wp\/v2\/tags?post=183324"}],"curies":[{"name":"wp","href":"https:\/\/api.w.org\/{rel}","templated":true}]}}