{"id":183329,"date":"2021-05-19T16:05:28","date_gmt":"2021-05-19T14:05:28","guid":{"rendered":"https:\/\/zjarr.tv\/?p=183329"},"modified":"2021-05-19T16:05:28","modified_gmt":"2021-05-19T14:05:28","slug":"holanda-kundershton-liberalizimin-e-vizave-te-kosoves-vendi-eshte-i-zhytur-thelle-ne-korrupsion","status":"publish","type":"post","link":"https:\/\/zjarr.tv\/en\/holanda-kundershton-liberalizimin-e-vizave-te-kosoves-vendi-eshte-i-zhytur-thelle-ne-korrupsion\/","title":{"rendered":"Holanda kund\u00ebrshton liberalizimin e vizave t\u00eb Kosov\u00ebs: Vendi \u00ebsht\u00eb i zhytur thell\u00eb n\u00eb korrupsion"},"content":{"rendered":"<p>Qeveria e Holand\u00ebs ka konstatuar se Kosova \u00ebsht\u00eb e zhytur thell\u00eb n\u00eb korrupsion, dhe si rezultat i k\u00ebsaj thon\u00eb se e kund\u00ebrshtojn\u00eb liberalizimin e vizave.<\/p>\n<p>Sipas MPJ-s\u00eb s\u00eb k\u00ebtij shtetit, Kosova vuan nga nj\u00eb nivel i lart\u00eb i korrupsionit dhe krimit t\u00eb organizuar. T\u00eb nj\u00ebjt\u00ebt kan\u00eb th\u00ebn\u00eb se n\u00eb K\u00ebshill nuk ka p\u00ebrkrahje t\u00eb mjaftueshme q\u00eb Kosov\u00ebs t\u2019i liberalizohen vizat, shkruan Schengenvisainfo.com.<\/p>\n<p>Ministria theksoi gjithashtu se \u201cliberalizimi i vizave \u00ebsht\u00eb nj\u00eb proces teknik, q\u00eb udh\u00ebhiqet nga standardet, n\u00eb t\u00eb cilin nj\u00eb vend duhet t\u00eb p\u00ebrmbush\u00eb t\u00eb gjitha parakushtet p\u00ebrpara se K\u00ebshilli t\u00eb vendos\u00eb t\u00eb heq\u00eb vizat\u201d.<\/p>\n<p>K\u00ebt\u00eb q\u00ebndrim p\u00ebr liberalizimin e vizave Holanda e mban p\u00ebr vite me radh\u00eb, duke u shnd\u00ebrruar k\u00ebshtu n\u00eb nj\u00eb prej vendeve skeptike.<\/p>\n<p>Liberalizimin e vizave nuk e p\u00ebrkrah ende as Franca e Emmanuel Macron, duke th\u00ebn\u00eb se ende s\u2019jan\u00eb plot\u00ebsuar kushtet.<\/p>","protected":false},"excerpt":{"rendered":"<p>Qeveria e Holand\u00ebs ka konstatuar se Kosova \u00ebsht\u00eb e zhytur thell\u00eb n\u00eb korrupsion, dhe si rezultat i k\u00ebsaj thon\u00eb se e kund\u00ebrshtojn\u00eb liberalizimin e vizave. Sipas MPJ-s\u00eb s\u00eb k\u00ebtij shtetit, Kosova vuan nga nj\u00eb nivel i lart\u00eb i korrupsionit dhe krimit t\u00eb organizuar. T\u00eb nj\u00ebjt\u00ebt kan\u00eb th\u00ebn\u00eb se n\u00eb K\u00ebshill nuk ka p\u00ebrkrahje t\u00eb mjaftueshme [&hellip;]<\/p>\n","protected":false},"author":2031,"featured_media":183330,"comment_status":"closed","ping_status":"closed","sticky":false,"template":"","format":"standard","meta":{"footnotes":""},"categories":[231],"tags":[3154,2826,312,458],"class_list":{"0":"post-183329","1":"post","2":"type-post","3":"status-publish","4":"format-standard","5":"has-post-thumbnail","7":"category-lajme","8":"tag-hollanda","9":"tag-kosova","10":"tag-lajme","11":"tag-zjarrtv"},"_links":{"self":[{"href":"https:\/\/zjarr.tv\/en\/wp-json\/wp\/v2\/posts\/183329","targetHints":{"allow":["GET"]}}],"collection":[{"href":"https:\/\/zjarr.tv\/en\/wp-json\/wp\/v2\/posts"}],"about":[{"href":"https:\/\/zjarr.tv\/en\/wp-json\/wp\/v2\/types\/post"}],"author":[{"embeddable":true,"href":"https:\/\/zjarr.tv\/en\/wp-json\/wp\/v2\/users\/2031"}],"replies":[{"embeddable":true,"href":"https:\/\/zjarr.tv\/en\/wp-json\/wp\/v2\/comments?post=183329"}],"version-history":[{"count":0,"href":"https:\/\/zjarr.tv\/en\/wp-json\/wp\/v2\/posts\/183329\/revisions"}],"wp:featuredmedia":[{"embeddable":true,"href":"https:\/\/zjarr.tv\/en\/wp-json\/wp\/v2\/media\/183330"}],"wp:attachment":[{"href":"https:\/\/zjarr.tv\/en\/wp-json\/wp\/v2\/media?parent=183329"}],"wp:term":[{"taxonomy":"category","embeddable":true,"href":"https:\/\/zjarr.tv\/en\/wp-json\/wp\/v2\/categories?post=183329"},{"taxonomy":"post_tag","embeddable":true,"href":"https:\/\/zjarr.tv\/en\/wp-json\/wp\/v2\/tags?post=183329"}],"curies":[{"name":"wp","href":"https:\/\/api.w.org\/{rel}","templated":true}]}}