{"id":183334,"date":"2021-05-19T16:10:57","date_gmt":"2021-05-19T14:10:57","guid":{"rendered":"https:\/\/zjarr.tv\/?p=183334"},"modified":"2021-05-19T16:10:57","modified_gmt":"2021-05-19T14:10:57","slug":"berisha-non-grata-ne-shba-zyrtari-i-pd-zbulon-kush-fshihet-pas-vendimit-i-padeshiruar-sepse-nuk-lejoi-hapjen-e-kutise-se-pandores","status":"publish","type":"post","link":"https:\/\/zjarr.tv\/en\/berisha-non-grata-ne-shba-zyrtari-i-pd-zbulon-kush-fshihet-pas-vendimit-i-padeshiruar-sepse-nuk-lejoi-hapjen-e-kutise-se-pandores\/","title":{"rendered":"Berisha \u201cNON-GRATA\u201d n\u00eb SHBA, zyrtari i PD \u201czbulon\u201d kush fshihet pas vendimit: I pad\u00ebshiruar sepse nuk lejoi hapjen e \u201cKutis\u00eb s\u00eb Pandor\u00ebs\u201d"},"content":{"rendered":"<p>Kryeredaktori i gazet\u00ebs Rilindja Demokratike, Bledi Kasmi dhe nj\u00ebkoh\u00ebsisht An\u00ebtar i K\u00ebshillit Komb\u00ebtar t\u00eb PD, ka reaguar p\u00ebr vendimin e DASH, i cili shpalli \u201cnon-grata\u201d ish-kryeministrin shqiptar Sali Berisha.<\/p>\n<p>Kasmi shprehet se Berisha ishte i pari q\u00eb kund\u00ebrshtoi dhe luftoi kund\u00ebr projektit Rama-Vu\u00e7i\u00e7 p\u00ebr ndarjen e Kosov\u00ebs dhe ndryshimin e kufijve n\u00eb Ballkan.<\/p>\n<p>Sipas tij ky vendim nuk d\u00ebmton imazhin e Berish\u00ebs, por e \u201clart\u00ebson si njeriu q\u00eb nuk lejoi hapjen e \u201cKutis\u00eb s\u00eb Pandor\u00ebs\u201d n\u00eb Ballkan, duke u kthyer n\u00eb mbrojtj\u00ebsin kryesor t\u00eb paqes n\u00eb rajon n\u00eb t\u00eb gjith\u00eb faktorin shqiptar\u201d.<\/p>\n<p>Postimi i plot\u00eb i Bledi Kasmit:<\/p>\n<p>Burre shteti dhe fotot \u201cnon grata\u201d!<\/p>\n<p>Te tjerat jane lobime te mafias rajonale ne sherbim te regjimeve Rama-Vu\u00e7i\u00e7 dhe kunder interesave te shqiptareve dhe stabilitetit ne rajon, prandaj mos i merrni seriozisht sepse me kohen ato do te perfundojne atje ku e kane vendin\u2026<\/p>\n<p>Mos harroni. Berisha ishte i pari qe kundershtoi dhe luftoi kunder projektit Rama-Vu\u00e7i\u00e7 per ndarjen e Kosoves dhe ndryshimin e kufijve ne Ballkan, gje per te cilen po paguan koston e lobimeve te Beogradit dhe vartesit te tyre ne Tirane.<\/p>\n<p>Ata po tentojne t\u2019i rikthehen ketyre projekteve te coptimit te Kosoves dhe ne sherbim te saj, hapi i pare qe kane ndermarre  eshte qe ti mbyllin gojen Sali Berishes,.<\/p>\n<p>Kjo nuk e demton imazhin e tij, por e larteson ate si njeriu qe nuk lejoi hapjen e \u201cKutise se Pandores\u201d ne Ballkan duke u kthyer ne mbrojtjesin kryesor te paqes ne rajon ne te gjitha faktorin shqiptar..<\/p>\n<p>Pra, nuk e kane me Sali Berishes, por me te gjithe ne, dhe ata qe nuk duan te hedhin ne ere paqen ne rajon. <\/p>","protected":false},"excerpt":{"rendered":"<p>Kryeredaktori i gazet\u00ebs Rilindja Demokratike, Bledi Kasmi dhe nj\u00ebkoh\u00ebsisht An\u00ebtar i K\u00ebshillit Komb\u00ebtar t\u00eb PD, ka reaguar p\u00ebr vendimin e DASH, i cili shpalli \u201cnon-grata\u201d ish-kryeministrin shqiptar Sali Berisha. Kasmi shprehet se Berisha ishte i pari q\u00eb kund\u00ebrshtoi dhe luftoi kund\u00ebr projektit Rama-Vu\u00e7i\u00e7 p\u00ebr ndarjen e Kosov\u00ebs dhe ndryshimin e kufijve n\u00eb Ballkan. Sipas tij [&hellip;]<\/p>\n","protected":false},"author":2031,"featured_media":183335,"comment_status":"closed","ping_status":"closed","sticky":false,"template":"","format":"standard","meta":{"footnotes":""},"categories":[231],"tags":[981,3155,312,458],"class_list":{"0":"post-183334","1":"post","2":"type-post","3":"status-publish","4":"format-standard","5":"has-post-thumbnail","7":"category-lajme","8":"tag-berisha","9":"tag-bledi-kasmi","10":"tag-lajme","11":"tag-zjarrtv"},"_links":{"self":[{"href":"https:\/\/zjarr.tv\/en\/wp-json\/wp\/v2\/posts\/183334","targetHints":{"allow":["GET"]}}],"collection":[{"href":"https:\/\/zjarr.tv\/en\/wp-json\/wp\/v2\/posts"}],"about":[{"href":"https:\/\/zjarr.tv\/en\/wp-json\/wp\/v2\/types\/post"}],"author":[{"embeddable":true,"href":"https:\/\/zjarr.tv\/en\/wp-json\/wp\/v2\/users\/2031"}],"replies":[{"embeddable":true,"href":"https:\/\/zjarr.tv\/en\/wp-json\/wp\/v2\/comments?post=183334"}],"version-history":[{"count":0,"href":"https:\/\/zjarr.tv\/en\/wp-json\/wp\/v2\/posts\/183334\/revisions"}],"wp:featuredmedia":[{"embeddable":true,"href":"https:\/\/zjarr.tv\/en\/wp-json\/wp\/v2\/media\/183335"}],"wp:attachment":[{"href":"https:\/\/zjarr.tv\/en\/wp-json\/wp\/v2\/media?parent=183334"}],"wp:term":[{"taxonomy":"category","embeddable":true,"href":"https:\/\/zjarr.tv\/en\/wp-json\/wp\/v2\/categories?post=183334"},{"taxonomy":"post_tag","embeddable":true,"href":"https:\/\/zjarr.tv\/en\/wp-json\/wp\/v2\/tags?post=183334"}],"curies":[{"name":"wp","href":"https:\/\/api.w.org\/{rel}","templated":true}]}}