{"id":183343,"date":"2021-05-19T17:28:26","date_gmt":"2021-05-19T15:28:26","guid":{"rendered":"https:\/\/zjarr.tv\/?p=183343"},"modified":"2021-05-19T17:28:26","modified_gmt":"2021-05-19T15:28:26","slug":"ylli-manjani-deklarata-qesharake-te-dash-kunder-berisheste-mbash-barkun-me-dore","status":"publish","type":"post","link":"https:\/\/zjarr.tv\/en\/ylli-manjani-deklarata-qesharake-te-dash-kunder-berisheste-mbash-barkun-me-dore\/","title":{"rendered":"Ylli Manjani: Deklarata qesharake t\u00eb DASH kund\u00ebr Berish\u00ebs\u2026T\u00eb mbash barkun me dor\u00eb"},"content":{"rendered":"<p>Ylli Manjani ish-minist\u00ebr I Drejt\u00ebsis\u00eb me an\u00eb t\u00eb nj\u00eb postimi ne \u201cFacebook\u201d ka reaguar n\u00eb lidhje me deklarat\u00ebn e DASH p\u00ebr shpalljen Non- grata t eish-kryeministrit.<\/p>\n<p>Postimin I plot\u00eb:<\/p>\n<p>Teoria m\u00eb qesharake q\u00eb po d\u00ebgjoj p\u00ebr k\u00ebt\u00eb deklarat\u00ebn, po aq qesharake t\u00eb DASH kund\u00ebr Berish\u00ebs \u00ebsht\u00eb se:<br \/>\n&#8220;Berisha iu shpall tani ndalimi i hyrjes n\u00eb Amerik\u00eb sepse Ai ka ndikim t\u00eb fort\u00eb n\u00eb PD&#8221;.<br \/>\nHahahahahahahahahahahahahahahahahahahahahahahahahahahahahahahahah&#8230;<\/p>\n<p>T\u00eb mbash barkun me dor\u00eb!<\/p>\n<p>Dmth m\u00eb k\u00ebt\u00eb q\u00eb b\u00ebn\u00eb ja hoq\u00ebn ndikimin e Tij mbi PD-n\u00eb?! <\/p>\n<p>Qesharak\u00eb!<\/p>\n<p>Truthar\u00eb gjithashtu!<\/p>","protected":false},"excerpt":{"rendered":"<p>Ylli Manjani ish-minist\u00ebr I Drejt\u00ebsis\u00eb me an\u00eb t\u00eb nj\u00eb postimi ne \u201cFacebook\u201d ka reaguar n\u00eb lidhje me deklarat\u00ebn e DASH p\u00ebr shpalljen Non- grata t eish-kryeministrit. Postimin I plot\u00eb: Teoria m\u00eb qesharake q\u00eb po d\u00ebgjoj p\u00ebr k\u00ebt\u00eb deklarat\u00ebn, po aq qesharake t\u00eb DASH kund\u00ebr Berish\u00ebs \u00ebsht\u00eb se: &#8220;Berisha iu shpall tani ndalimi i hyrjes n\u00eb [&hellip;]<\/p>\n","protected":false},"author":2031,"featured_media":164940,"comment_status":"closed","ping_status":"closed","sticky":false,"template":"","format":"standard","meta":{"footnotes":""},"categories":[231],"tags":[981,312,3156,458],"class_list":{"0":"post-183343","1":"post","2":"type-post","3":"status-publish","4":"format-standard","5":"has-post-thumbnail","7":"category-lajme","8":"tag-berisha","9":"tag-lajme","10":"tag-ylli-manjani","11":"tag-zjarrtv"},"_links":{"self":[{"href":"https:\/\/zjarr.tv\/en\/wp-json\/wp\/v2\/posts\/183343","targetHints":{"allow":["GET"]}}],"collection":[{"href":"https:\/\/zjarr.tv\/en\/wp-json\/wp\/v2\/posts"}],"about":[{"href":"https:\/\/zjarr.tv\/en\/wp-json\/wp\/v2\/types\/post"}],"author":[{"embeddable":true,"href":"https:\/\/zjarr.tv\/en\/wp-json\/wp\/v2\/users\/2031"}],"replies":[{"embeddable":true,"href":"https:\/\/zjarr.tv\/en\/wp-json\/wp\/v2\/comments?post=183343"}],"version-history":[{"count":0,"href":"https:\/\/zjarr.tv\/en\/wp-json\/wp\/v2\/posts\/183343\/revisions"}],"wp:featuredmedia":[{"embeddable":true,"href":"https:\/\/zjarr.tv\/en\/wp-json\/wp\/v2\/media\/164940"}],"wp:attachment":[{"href":"https:\/\/zjarr.tv\/en\/wp-json\/wp\/v2\/media?parent=183343"}],"wp:term":[{"taxonomy":"category","embeddable":true,"href":"https:\/\/zjarr.tv\/en\/wp-json\/wp\/v2\/categories?post=183343"},{"taxonomy":"post_tag","embeddable":true,"href":"https:\/\/zjarr.tv\/en\/wp-json\/wp\/v2\/tags?post=183343"}],"curies":[{"name":"wp","href":"https:\/\/api.w.org\/{rel}","templated":true}]}}