{"id":183347,"date":"2021-05-19T17:34:21","date_gmt":"2021-05-19T15:34:21","guid":{"rendered":"https:\/\/zjarr.tv\/?p=183347"},"modified":"2021-05-19T17:34:21","modified_gmt":"2021-05-19T15:34:21","slug":"berisha-non-grata-nje-lajm-qe-duhet-te-mbushe-me-trishtim-cdo-shqiptar","status":"publish","type":"post","link":"https:\/\/zjarr.tv\/en\/berisha-non-grata-nje-lajm-qe-duhet-te-mbushe-me-trishtim-cdo-shqiptar\/","title":{"rendered":"\u201cBerisha \u2018non-grata\u2019, nj\u00eb lajm q\u00eb duhet t\u00eb mbush\u00eb me trishtim \u00e7do shqiptar\u201d"},"content":{"rendered":"<p>Nga Gazmend Kapllani<\/p>\n<p>Shpallja zyrtarisht e ish Presidentit dhe KM Shqiptar z. Sali Berisha si non-grata nga administrata Amerikane eshte nje lajm qe duhet te mbush me trishtim dhe deshperim cdo Shqiptar.<\/p>\n<p>Jo se z. Berisha nuk e meriton. Personalisht besoj se do t\u2019u vije radha edhe qeveritareve te sotem \u2013 nga KM dhe Kryetari i Bashkise deri tek Kryetari i Parlamentit. Prandaj lajmi i sotem per ta eshte nje ogur shume i keq dhe jam i sigurte qe i ka trembur aq sa nuk thuhet.<\/p>\n<p>Ne periudhen qe vjen parashikoj se do shtohen zerat per koalicion te dy partive te medha si perpjekja e fundit per te shpetuar dhe fshehur mallin e plackitur nga te dy. Ashtu sic do shtohen zerat e anti-Amerikanizmit aq sa do na kujtojne vepren e Qofte Largut \u201cRreziku Anglo-Amerikan per Shqiperine\u201d.<\/p>\n<p>Ajo qe duhet te na deshperoj megjithate nuk eshte vendimi i DASH, i cili eshte per tu pergezuar. Eshte fakti qe ne radhitemi mes vendeve me me pak dinjitet ne rruzullin tokesor.<\/p>\n<p>30 vjet pas renies se nje sistemi terrori enverist, Shqiptaret deshtuan te ndertojne nje shtet funksional dhe nje sistem Drejtesie qofte edhe elementar. Zevendesuan terrorin totalitar me korrupsionin total.<\/p>\n<p>Protagonistet ishin pak a shume te njejtet: njerez te sistemit totalitar te cilet edhe \u201ctrasheguan\u201d strukturat e sistemit dhe zevendesuan brenda nates kostumin e Sekretarit te Partise apo Sigurimsit me kostumin e biznesmenit (dmth te kusarit).<\/p>\n<p>Per kulturen demokratike Amerikane nje komb nuk ka as te ardhme as sovranitet nese nuk ka Drejtesi. Nese ne jeten e tij publike cdo qelize e shtetit eshte kapur nga korrupsioni dhe krimi i organizuar.<\/p>\n<p>Prandaj edhe kane investuar kaq shume per sistemin e Drejtesise ne Shqiperi. Amerikanet e dine shume mire qe Shqiptaret jane ndoshta i vetmi komb pro-Amerikan ne Ballkan sot. Prandaj duan ta shohin te perparoj dhe begatoj sepse na shohin si aleate afat-gjate.<\/p>\n<p>Por korrupsioni tek ne eshte i tille aq sa eshte bere kercenim serioz ekzistencial per te ardhmen dhe sovranitetin e kombit.<\/p>","protected":false},"excerpt":{"rendered":"<p>Nga Gazmend Kapllani Shpallja zyrtarisht e ish Presidentit dhe KM Shqiptar z. Sali Berisha si non-grata nga administrata Amerikane eshte nje lajm qe duhet te mbush me trishtim dhe deshperim cdo Shqiptar. Jo se z. Berisha nuk e meriton. Personalisht besoj se do t\u2019u vije radha edhe qeveritareve te sotem \u2013 nga KM dhe Kryetari [&hellip;]<\/p>\n","protected":false},"author":2031,"featured_media":183348,"comment_status":"closed","ping_status":"closed","sticky":false,"template":"","format":"standard","meta":{"footnotes":""},"categories":[231],"tags":[3157,312,329],"class_list":{"0":"post-183347","1":"post","2":"type-post","3":"status-publish","4":"format-standard","5":"has-post-thumbnail","7":"category-lajme","8":"tag-berisha-non-grata","9":"tag-lajme","10":"tag-zjarr-tv"},"_links":{"self":[{"href":"https:\/\/zjarr.tv\/en\/wp-json\/wp\/v2\/posts\/183347","targetHints":{"allow":["GET"]}}],"collection":[{"href":"https:\/\/zjarr.tv\/en\/wp-json\/wp\/v2\/posts"}],"about":[{"href":"https:\/\/zjarr.tv\/en\/wp-json\/wp\/v2\/types\/post"}],"author":[{"embeddable":true,"href":"https:\/\/zjarr.tv\/en\/wp-json\/wp\/v2\/users\/2031"}],"replies":[{"embeddable":true,"href":"https:\/\/zjarr.tv\/en\/wp-json\/wp\/v2\/comments?post=183347"}],"version-history":[{"count":0,"href":"https:\/\/zjarr.tv\/en\/wp-json\/wp\/v2\/posts\/183347\/revisions"}],"wp:featuredmedia":[{"embeddable":true,"href":"https:\/\/zjarr.tv\/en\/wp-json\/wp\/v2\/media\/183348"}],"wp:attachment":[{"href":"https:\/\/zjarr.tv\/en\/wp-json\/wp\/v2\/media?parent=183347"}],"wp:term":[{"taxonomy":"category","embeddable":true,"href":"https:\/\/zjarr.tv\/en\/wp-json\/wp\/v2\/categories?post=183347"},{"taxonomy":"post_tag","embeddable":true,"href":"https:\/\/zjarr.tv\/en\/wp-json\/wp\/v2\/tags?post=183347"}],"curies":[{"name":"wp","href":"https:\/\/api.w.org\/{rel}","templated":true}]}}