{"id":183369,"date":"2021-05-19T18:24:49","date_gmt":"2021-05-19T16:24:49","guid":{"rendered":"https:\/\/zjarr.tv\/?p=183369"},"modified":"2021-05-19T18:24:49","modified_gmt":"2021-05-19T16:24:49","slug":"doktori-non-grata-nje-vendim-qe-nuk-bashkon-por-percan","status":"publish","type":"post","link":"https:\/\/zjarr.tv\/en\/doktori-non-grata-nje-vendim-qe-nuk-bashkon-por-percan\/","title":{"rendered":"Doktori &#8220;non grata&#8221;, nj\u00eb vendim q\u00eb nuk bashkon, por p\u00ebr\u00e7an!"},"content":{"rendered":"<p>Boll ti hedh\u00ebsh nj\u00eb sy rrjetit social per te kuptuar se shpallja non grata ne SHBA e Sali Berish\u00ebs nuk i bashkoi por e thelloi m\u00eb tej konfliktin. U gezua Kol Balla q\u00eb nga makinat e tij t\u00eb shtrenja dhe ajfoni i fundit i k\u00ebrkon parat\u00eb e tij qe s&#8217;kan\u00eb fund e shpjegim n\u00eb xhepat e Sali Berish\u00ebs.<\/p>\n<p>U g\u00ebzua edhe Taulant Balla, partneri n\u00eb biznes e ne krim i Edmond Begos.<\/p>\n<p>U g\u00ebzua edhe Petro Koci me Mero Bazen. U g\u00ebzua edhe Erion Veliaj, i akuzuari pa d\u00ebnim nga p\u00ebrgjimet e Ndraghetas i drejtesis\u00eb q\u00eb sbzan.<\/p>\n<p>U g\u00ebzua edhe Fatmir Xhafaj, ish prokurori komunist q\u00eb shkulte me dare mishin e shqiptar\u00ebve q\u00eb donin liri e demokraci. Ata q\u00eb nuk e kuptojn\u00eb vendimin jan\u00eb pjesa e tjet\u00ebr, qyetar\u00eb si une e si ti.<\/p>\n<p>Q\u00eb n\u00eb koh\u00ebn e skandaleve t\u00eb medha nuk mor\u00ebn mesazhin q\u00eb prisnin, por goditjen e pabesshme t\u00eb nj\u00eb skenari q\u00eb p\u00ebrflitej.<\/p>\n<p>Dhe syte e veshet jane drejtuar nga ata q\u00eb heshtin tinazi ndaj nj\u00eb akti p\u00ebr t\u00eb cilin v\u00ebshtir\u00eb se nuk dinin gje. Loja u b\u00eb, por fitues nuk ka.<\/p>\n<p>T\u00eb par\u00ebt q\u00eb humb\u00ebn sot jan\u00eb qytetar\u00ebt shqiptare t\u00eb aryeses, t\u00eb fundit po jo me pak ata q\u00eb besojne se ia hodh\u00ebn me kaq. M\u00eb e keqja p\u00ebr ata ska ardhur akoma!<\/p>\n<p>&nbsp;<\/p>\n<p>P.S&#8230;Vetem Edi Rama nuk u g\u00ebzua dhe ky \u00ebsht\u00eb me shum\u00eb lajm sesa vet\u00eb vendimi i pakuptimt\u00eb i ish k\u00ebshilltarit t\u00eb Siguris\u00eb Kombetar\u00eb Antony Blinken ndaj ish-Kryeministrit t\u00eb Shqip\u00ebris\u00eb Sali Berisha<\/p>","protected":false},"excerpt":{"rendered":"<p>Boll ti hedh\u00ebsh nj\u00eb sy rrjetit social per te kuptuar se shpallja non grata ne SHBA e Sali Berish\u00ebs nuk i bashkoi por e thelloi m\u00eb tej konfliktin. U gezua Kol Balla q\u00eb nga makinat e tij t\u00eb shtrenja dhe ajfoni i fundit i k\u00ebrkon parat\u00eb e tij qe s&#8217;kan\u00eb fund e shpjegim n\u00eb xhepat [&hellip;]<\/p>\n","protected":false},"author":2031,"featured_media":183370,"comment_status":"closed","ping_status":"closed","sticky":false,"template":"","format":"standard","meta":{"footnotes":""},"categories":[364,231],"tags":[3153,312,329],"class_list":{"0":"post-183369","1":"post","2":"type-post","3":"status-publish","4":"format-standard","5":"has-post-thumbnail","7":"category-koment-opinion","8":"category-lajme","9":"tag-bledian-koka","10":"tag-lajme","11":"tag-zjarr-tv"},"_links":{"self":[{"href":"https:\/\/zjarr.tv\/en\/wp-json\/wp\/v2\/posts\/183369","targetHints":{"allow":["GET"]}}],"collection":[{"href":"https:\/\/zjarr.tv\/en\/wp-json\/wp\/v2\/posts"}],"about":[{"href":"https:\/\/zjarr.tv\/en\/wp-json\/wp\/v2\/types\/post"}],"author":[{"embeddable":true,"href":"https:\/\/zjarr.tv\/en\/wp-json\/wp\/v2\/users\/2031"}],"replies":[{"embeddable":true,"href":"https:\/\/zjarr.tv\/en\/wp-json\/wp\/v2\/comments?post=183369"}],"version-history":[{"count":0,"href":"https:\/\/zjarr.tv\/en\/wp-json\/wp\/v2\/posts\/183369\/revisions"}],"wp:featuredmedia":[{"embeddable":true,"href":"https:\/\/zjarr.tv\/en\/wp-json\/wp\/v2\/media\/183370"}],"wp:attachment":[{"href":"https:\/\/zjarr.tv\/en\/wp-json\/wp\/v2\/media?parent=183369"}],"wp:term":[{"taxonomy":"category","embeddable":true,"href":"https:\/\/zjarr.tv\/en\/wp-json\/wp\/v2\/categories?post=183369"},{"taxonomy":"post_tag","embeddable":true,"href":"https:\/\/zjarr.tv\/en\/wp-json\/wp\/v2\/tags?post=183369"}],"curies":[{"name":"wp","href":"https:\/\/api.w.org\/{rel}","templated":true}]}}