{"id":183388,"date":"2021-05-19T18:55:44","date_gmt":"2021-05-19T16:55:44","guid":{"rendered":"https:\/\/zjarr.tv\/?p=183388"},"modified":"2021-05-19T18:55:44","modified_gmt":"2021-05-19T16:55:44","slug":"mandati-i-lsi-u-grabit-ne-tavoline-cela-reagon-pas-vendimit-te-kas-noterizoi-masakren-zgjedhore-ne-berat","status":"publish","type":"post","link":"https:\/\/zjarr.tv\/en\/mandati-i-lsi-u-grabit-ne-tavoline-cela-reagon-pas-vendimit-te-kas-noterizoi-masakren-zgjedhore-ne-berat\/","title":{"rendered":"\u201cMandati i LSI u grabit n\u00eb tavolin\u00eb\u201d, \u00c7ela reagon pas vendimit t\u00eb KAS: Noterizoi masakr\u00ebn zgjedhore n\u00eb Berat"},"content":{"rendered":"<p>Kandidati p\u00ebr deputet i LSI, Ardit \u00c7ela ka reaguar lidhur me vendimin m\u00eb t\u00eb fundit t\u00eb KAS, i cili rr\u00ebzoi k\u00ebrkes\u00ebn e PD dhe LSI, duke vendosur q\u00eb nuk ka pavlefshm\u00ebri dhe p\u00ebrs\u00ebritje t\u00eb zgjedhjeve n\u00eb qarkun e Beratit.<\/p>\n<p>\u00c7ela thot\u00eb se KAS noterizoi masakr\u00ebn zgjedhore, pasi u pa qart\u00eb se mandati iu mor LSI n\u00eb tavolin\u00eb, sic thot\u00eb ai, iu grabit.<\/p>\n<p>Kandidati i LSI akuzon KAS se nuk shkqyrtoi provat dhe faktet duke u b\u00ebr\u00eb pal\u00eb me maxhoranc\u00ebn. Vendimmarrjen e KAS e cil\u00ebsoi si t\u00ebr\u00ebsisht politike.<\/p>\n<p>Deklarata e plot\u00eb e Ardit Cel\u00ebs<\/p>\n<p>Komisioni i Ankimit dhe Sanksioneve pran\u00eb KQZ, n\u00ebp\u00ebrmjet vendimit t\u00eb sot\u00ebm, vendosi p\u00ebrfundimisht t\u00eb noterizoj\u00eb masakr\u00ebn zgjedhore t\u00eb kryer n\u00eb qarkun e Beratit, duke grabitur n\u00eb tavolin\u00eb mandatin e LSI e duke tjet\u00ebrsuar vullnetin e mij\u00ebra votuesve t\u00eb cil\u00ebt i rezistuan represionit t\u00eb pushtetit t\u00eb b\u00ebr\u00eb nj\u00ebsh me krimin.<\/p>\n<p>N\u00ebp\u00ebrmjet seancave live, u faktua bot\u00ebrisht pretendimi i LSI-s\u00eb, n\u00ebp\u00ebrmjet fakteve dhe provave, n\u00ebp\u00ebrmjet procesverbaleve, n\u00ebp\u00ebrmjet librave t\u00eb protokollit t\u00eb n\u00ebnshkruar nga an\u00ebtar\u00ebt socialist\u00eb, q\u00eb n\u00eb t\u00eb pakt\u00ebn 24 q\u00ebndra votimi n\u00eb qarkun e Beratit, rezultati \u00ebsht\u00eb i pavlefsh\u00ebm.<\/p>\n<p>N\u00ebp\u00ebrmjet seancave live, u faktua bot\u00ebrisht vepra penale e adminsitrat\u00ebs s\u00eb KQZ, t\u00eb cil\u00ebt fut\u00ebn duart n\u00eb kutit\u00eb e votimit, duke futur dorazi n\u00eb materialet zgjedhore, pik\u00ebrisht ato prova t\u00eb cilat u v\u00ebrtetuan se nuk ekzistonin, e q\u00eb v\u00ebrtetonin masakr\u00ebn zgjedhore dhe pavlefshm\u00ebrin\u00eb e kutive.<\/p>\n<p>N\u00ebp\u00ebrmjet seancave live, u faktua se kutit\u00eb jan\u00eb mbushur. U v\u00ebrtetua se zgjedhjet jan\u00eb vjedhur.<\/p>\n<p>KAS sot nuk shqyrtoi provat. Nuk shqyrtoi faktet. Nuk tregoi profesionalizem. Ato ishin evidente, ishin me qindra, ishin shum\u00eb kok\u00ebforte dhe v\u00ebrtetonin t\u00eb gjitha pretendimet e LSI. Qindra prova dhe faktet e pasqyruara nga LSI, akte zyrtare, procersverbale t\u00eb QV, t\u00eb Grupeve te Num\u00ebrimit, t\u00eb ZAZ, duhet t\u00eb shqyrtoheshin me profesionaliz\u00ebm, por ndodhi e kund\u00ebrta. An\u00ebtar\u00ebt e KAS thjesht u t\u00ebrhoq\u00ebn p\u00ebr t\u00eb marr\u00eb nj\u00eb kaf\u00eb 47 minut\u00ebshe, e t\u00eb marrin nj\u00eb vendim t\u00eb parafabrikuar nga zyra e Partis\u00eb Socialiste, p\u00ebr t\u00eb deformuar vullnetin e zgjedh\u00ebsve.<\/p>\n<p>Vendimmarrja politike e KAS, i konsideron kutit\u00eb\u00a0 me m\u00eb shum\u00eb flet\u00eb votimi sesa votues,\u00a0 kuti me standarde t\u00eb larta zgjedhore. Realisht ato jan\u00eb kuti t\u00eb mbushura.<\/p>\n<p>Vendimmarrja politike e KAS, kutit\u00eb q\u00eb dor\u00ebzohen me m\u00eb shum\u00eb flet\u00eb votimi sesa merren n\u00eb dor\u00ebzim, jan\u00eb kuti me standarde\u00a0 zgjedhore. Realisht ato jan\u00eb kuti t\u00eb mbushura.<\/p>\n<p>Vendimmarrja politike e KAS, na ktheu sot n\u00eb standardet m\u00eb t\u00eb err\u00ebta dhe mediokre t\u00eb gjykimit.<\/p>\n<p>L\u00ebvizja Socialiste p\u00ebr Integrim nuk do t\u00eb b\u00ebj\u00eb asnj\u00eb hap pas dhe do t\u2019i shkoj\u00eb deri n\u00eb fund betej\u00ebs p\u00ebr t\u00eb zbardhur t\u00eb v\u00ebrtet\u00ebn dhe p\u00ebr t\u00eb \u00e7uar n\u00eb vend vullnetin e qytetar\u00ebve.<\/p>","protected":false},"excerpt":{"rendered":"<p>Kandidati p\u00ebr deputet i LSI, Ardit \u00c7ela ka reaguar lidhur me vendimin m\u00eb t\u00eb fundit t\u00eb KAS, i cili rr\u00ebzoi k\u00ebrkes\u00ebn e PD dhe LSI, duke vendosur q\u00eb nuk ka pavlefshm\u00ebri dhe p\u00ebrs\u00ebritje t\u00eb zgjedhjeve n\u00eb qarkun e Beratit. \u00c7ela thot\u00eb se KAS noterizoi masakr\u00ebn zgjedhore, pasi u pa qart\u00eb se mandati iu mor LSI [&hellip;]<\/p>\n","protected":false},"author":2031,"featured_media":183389,"comment_status":"closed","ping_status":"closed","sticky":false,"template":"","format":"standard","meta":{"footnotes":""},"categories":[231],"tags":[3159,312,1492,329],"class_list":{"0":"post-183388","1":"post","2":"type-post","3":"status-publish","4":"format-standard","5":"has-post-thumbnail","7":"category-lajme","8":"tag-ardit-cela","9":"tag-lajme","10":"tag-lsi","11":"tag-zjarr-tv"},"_links":{"self":[{"href":"https:\/\/zjarr.tv\/en\/wp-json\/wp\/v2\/posts\/183388","targetHints":{"allow":["GET"]}}],"collection":[{"href":"https:\/\/zjarr.tv\/en\/wp-json\/wp\/v2\/posts"}],"about":[{"href":"https:\/\/zjarr.tv\/en\/wp-json\/wp\/v2\/types\/post"}],"author":[{"embeddable":true,"href":"https:\/\/zjarr.tv\/en\/wp-json\/wp\/v2\/users\/2031"}],"replies":[{"embeddable":true,"href":"https:\/\/zjarr.tv\/en\/wp-json\/wp\/v2\/comments?post=183388"}],"version-history":[{"count":0,"href":"https:\/\/zjarr.tv\/en\/wp-json\/wp\/v2\/posts\/183388\/revisions"}],"wp:featuredmedia":[{"embeddable":true,"href":"https:\/\/zjarr.tv\/en\/wp-json\/wp\/v2\/media\/183389"}],"wp:attachment":[{"href":"https:\/\/zjarr.tv\/en\/wp-json\/wp\/v2\/media?parent=183388"}],"wp:term":[{"taxonomy":"category","embeddable":true,"href":"https:\/\/zjarr.tv\/en\/wp-json\/wp\/v2\/categories?post=183388"},{"taxonomy":"post_tag","embeddable":true,"href":"https:\/\/zjarr.tv\/en\/wp-json\/wp\/v2\/tags?post=183388"}],"curies":[{"name":"wp","href":"https:\/\/api.w.org\/{rel}","templated":true}]}}