{"id":183398,"date":"2021-05-19T19:12:34","date_gmt":"2021-05-19T17:12:34","guid":{"rendered":"https:\/\/zjarr.tv\/?p=183398"},"modified":"2021-05-19T19:12:34","modified_gmt":"2021-05-19T17:12:34","slug":"sali-berisha-steke-e-larte-patozi-rrezimi-i-mitit-te-tij-sinjal-alarmi-kenaqesia-e-mazhorances-naive","status":"publish","type":"post","link":"https:\/\/zjarr.tv\/en\/sali-berisha-steke-e-larte-patozi-rrezimi-i-mitit-te-tij-sinjal-alarmi-kenaqesia-e-mazhorances-naive\/","title":{"rendered":"\u201cSali Berisha stek\u00eb e lart\u00eb\u201d, Patozi: Rr\u00ebzimi i mitit t\u00eb tij sinjal alarmi, k\u00ebnaq\u00ebsia e mazhoranc\u00ebs na\u00efve"},"content":{"rendered":"<p>Astrit Patozi, ish n\u00ebnkryetar i Partis\u00eb Demokratike ka reaguar p\u00ebr futjen e Sali Berish\u00ebs n\u00eb list\u00ebn e zez\u00eb t\u00eb SHBA. N\u00eb nj\u00eb sh\u00ebnim n\u00eb rrjetet sociale, Patozi e ka cil\u00ebsuar si \u201clexim t\u00eb ftoht\u00eb\u201d komentin e tij, nd\u00ebrsa thekson se me Berish\u00ebn \u00ebsht\u00eb ndar\u00eb politikisht tet\u00eb vite m\u00eb par\u00eb.<\/p>\n<p>Sipas tij, shpallja \u201cNon Grata\u201d e Sali Berish\u00ebs nuk \u00ebsht\u00eb nj\u00eb mesazh q\u00eb i drejtohet vet\u00ebm opozit\u00ebs n\u00eb Shqip\u00ebri. Patozi shprehet se i duket i nxituar dhe naiv k\u00ebnaq\u00ebsia e shprehur nga p\u00ebrfaq\u00ebsuesit e mazhoranc\u00ebs, duke e paraqitur gati si nj\u00eb vep\u00ebr t\u00eb tyre vendimin e Departamentit t\u00eb Shtetit.<\/p>\n<p>\u201cSali Berisha ishte nj\u00eb stek\u00eb e lart\u00eb e politik\u00ebs shqiptare n\u00eb k\u00ebto 30 vjet, ndaj edhe rr\u00ebzimi i mitit t\u00eb tij \u00ebsht\u00eb nj\u00eb sinjal i mpreht\u00eb alarmi, i cili duhet t\u00eb bjer\u00eb mbi \u00e7dok\u00ebnd tjet\u00ebr posht\u00eb k\u00ebtij niveli, pavar\u00ebsisht flamurit t\u00eb partis\u00eb, q\u00eb val\u00ebvit sot\u201d, shprehet nd\u00ebr t\u00eb tjer\u00eb Patozi.<\/p>\n<p>Ndaj sot mund t\u00eb b\u00ebja sikur nuk e kisha d\u00ebgjuar ose lexuar vendimin kund\u00ebr tij t\u00eb Departamentit t\u00eb Shtetit. Sepse ai sot \u00ebsht\u00eb n\u00eb dit\u00ebn e vet m\u00eb t\u00eb keqe dhe nuk do t\u00eb ishte etike q\u00eb t\u2019ia shtoj\u00eb m\u00ebrzin\u00eb, qoft\u00eb edhe duke ia p\u00ebrmendur at\u00eb q\u00eb i ka ndodhur.<\/p>\n<p>Por un\u00eb mendoj se askujt prej nesh nuk i lejohet q\u00eb t\u00eb kthej\u00eb kok\u00ebn nga ana tjet\u00ebr, pavar\u00ebsisht ndjesive t\u00eb shkaktuara prej d\u00ebnimit kapital t\u00eb Sali Berish\u00ebs, q\u00eb mb\u00ebrriti jo aq papritur sot nga Uashingtoni.<\/p>\n<p>N\u00eb radh\u00eb t\u00eb par\u00eb kjo i takon Lulzim Bash\u00ebs, por edhe \u00e7do politikani tjet\u00ebr t\u00eb r\u00ebnd\u00ebsish\u00ebm n\u00eb Partin\u00eb Demokratike, t\u00eb cil\u00ebt e kan\u00eb detyrim t\u00eb shum\u00ebfisht\u00eb p\u00ebr t\u2019u shprehur. Cilidoqoft\u00eb q\u00ebndrimi i tyre, i cili nuk ka pse t\u00eb paragjykohet, sepse duhet mir\u00ebkuptuar shkalla e v\u00ebshtir\u00ebsis\u00eb.<\/p>\n<p>Mbase mund t\u00eb kemi s\u00ebrish nj\u00eb vendim unanim p\u00ebr ta kund\u00ebrshtuar at\u00eb, nj\u00ebsoj si ai q\u00eb u muar p\u00ebr djegien e mandateve, por mund t\u00eb ket\u00eb edhe befasi. Kjo nuk \u00ebsht\u00eb nj\u00eb ngjarje e r\u00ebndomt\u00eb nga ato q\u00eb mund t\u00eb kalojn\u00eb pa q\u00ebndrim t\u00eb fort\u00eb politik. Natyrisht, dikush mund t\u00eb zgjedh\u00eb t\u00eb p\u00ebrgjigjet edhe si Tom Doshi, t\u00eb cilit sa her\u00eb i p\u00ebrmendnin problemet q\u00eb kishte me SHBA, tregonte fotot q\u00eb ka b\u00ebr\u00eb n\u00eb Vatikan me Pap\u00ebn, por t\u00eb gjith\u00eb e dim\u00eb se si u mbyll pastaj historia.<\/p>\n<p>Nga ana tjet\u00ebr, un\u00eb nuk mendoj se shpallja non grata e Sali Berish\u00ebs \u00ebsht\u00eb nj\u00eb mesazh q\u00eb i drejtohet vet\u00ebm opozit\u00ebs n\u00eb Shqip\u00ebri.<\/p>\n<p>Ndaj m\u00eb duket, n\u00eb rastin m\u00eb mir\u00eb, naive dhe e nxitur k\u00ebnaq\u00ebsia e shprehur nga p\u00ebrfaq\u00ebsuesit e mazhoranc\u00ebs, duke e paraqitur gati si nj\u00eb vep\u00ebr t\u00eb tyre vendimin e Departamentit t\u00eb Shtetit.<\/p>\n<p>Sepse Sali Berisha ishte nj\u00eb stek\u00eb e lart\u00eb e politik\u00ebs shqiptare n\u00eb k\u00ebto 30 vjet, ndaj edhe rr\u00ebzimi i mitit t\u00eb tij \u00ebsht\u00eb nj\u00eb sinjal i mpreht\u00eb alarmi, i cili duhet t\u00eb bjer\u00eb mbi \u00e7dok\u00ebnd tjet\u00ebr posht\u00eb k\u00ebtij niveli, pavar\u00ebsisht flamurit t\u00eb partis\u00eb, q\u00eb val\u00ebvit sot.<\/p>\n<p>Ndaj edhe ky akt duhet konsideruar m\u00eb shum\u00eb si nj\u00eb piket\u00eb e re e vendosur n\u00eb rrug\u00ebtimin gjys\u00ebmdemokratik t\u00eb shtetit shqiptar n\u00eb k\u00ebto tre dekada. Ndoshta nj\u00eb standart, ku t\u00eb gjith\u00eb ata, q\u00eb kan\u00eb pasur rol t\u00eb r\u00ebnd\u00ebsish\u00ebm n\u00eb vendimmarrje, duhet t\u00eb ballafaqohen sot e tutje, nuk ka r\u00ebnd\u00ebsi n\u00eb jan\u00eb n\u00eb pushtet apo n\u00eb opozit\u00eb.<\/p>","protected":false},"excerpt":{"rendered":"<p>Astrit Patozi, ish n\u00ebnkryetar i Partis\u00eb Demokratike ka reaguar p\u00ebr futjen e Sali Berish\u00ebs n\u00eb list\u00ebn e zez\u00eb t\u00eb SHBA. N\u00eb nj\u00eb sh\u00ebnim n\u00eb rrjetet sociale, Patozi e ka cil\u00ebsuar si \u201clexim t\u00eb ftoht\u00eb\u201d komentin e tij, nd\u00ebrsa thekson se me Berish\u00ebn \u00ebsht\u00eb ndar\u00eb politikisht tet\u00eb vite m\u00eb par\u00eb. Sipas tij, shpallja \u201cNon Grata\u201d e [&hellip;]<\/p>\n","protected":false},"author":2031,"featured_media":164772,"comment_status":"closed","ping_status":"closed","sticky":false,"template":"","format":"standard","meta":{"footnotes":""},"categories":[1],"tags":[312,2128,329],"class_list":{"0":"post-183398","1":"post","2":"type-post","3":"status-publish","4":"format-standard","5":"has-post-thumbnail","7":"category-uncategorized-sq","8":"tag-lajme","9":"tag-patozi","10":"tag-zjarr-tv"},"_links":{"self":[{"href":"https:\/\/zjarr.tv\/en\/wp-json\/wp\/v2\/posts\/183398","targetHints":{"allow":["GET"]}}],"collection":[{"href":"https:\/\/zjarr.tv\/en\/wp-json\/wp\/v2\/posts"}],"about":[{"href":"https:\/\/zjarr.tv\/en\/wp-json\/wp\/v2\/types\/post"}],"author":[{"embeddable":true,"href":"https:\/\/zjarr.tv\/en\/wp-json\/wp\/v2\/users\/2031"}],"replies":[{"embeddable":true,"href":"https:\/\/zjarr.tv\/en\/wp-json\/wp\/v2\/comments?post=183398"}],"version-history":[{"count":0,"href":"https:\/\/zjarr.tv\/en\/wp-json\/wp\/v2\/posts\/183398\/revisions"}],"wp:featuredmedia":[{"embeddable":true,"href":"https:\/\/zjarr.tv\/en\/wp-json\/wp\/v2\/media\/164772"}],"wp:attachment":[{"href":"https:\/\/zjarr.tv\/en\/wp-json\/wp\/v2\/media?parent=183398"}],"wp:term":[{"taxonomy":"category","embeddable":true,"href":"https:\/\/zjarr.tv\/en\/wp-json\/wp\/v2\/categories?post=183398"},{"taxonomy":"post_tag","embeddable":true,"href":"https:\/\/zjarr.tv\/en\/wp-json\/wp\/v2\/tags?post=183398"}],"curies":[{"name":"wp","href":"https:\/\/api.w.org\/{rel}","templated":true}]}}