{"id":183406,"date":"2021-05-19T19:41:01","date_gmt":"2021-05-19T17:41:01","guid":{"rendered":"https:\/\/zjarr.tv\/?p=183406"},"modified":"2021-05-19T19:41:01","modified_gmt":"2021-05-19T17:41:01","slug":"berisha-non-grata-nga-shba-reagon-lulzim-basha","status":"publish","type":"post","link":"https:\/\/zjarr.tv\/en\/berisha-non-grata-nga-shba-reagon-lulzim-basha\/","title":{"rendered":"Berisha non-grata nga SHBA, reagon Lulzim Basha"},"content":{"rendered":"<p>Berisha non-grata nga SHBA, reagon Lulzim Basha<\/p>\n<p>Statusi<\/p>\n<p>U njoha me keqardhje me vendimin e Sekretarit t\u00eb Shtetit p\u00ebr ish Presidentin dhe ish kryeministrin Sali Berisha.<\/p>\n<p>Duke n\u00ebnvizuar q\u00ebndrimin e z. Berisha, i cili pasi shpreh keqardhjen p\u00ebr vendimin dhe e konsideron at\u00eb pa asnj\u00eb baz\u00eb konkrete, b\u00ebj thirrje p\u00ebr transparenc\u00eb t\u00eb plot\u00eb mbi \u00e7do fakt e dokument q\u00eb ka lidhje me k\u00ebt\u00eb vendim.<\/p>\n<p>Dr. Berisha \u00ebsht\u00eb padyshim udh\u00ebheq\u00ebsi shqiptar q\u00eb ka dh\u00ebn\u00eb kontributin m\u00eb t\u00eb \u00e7muar p\u00ebr zhvillimin e vendit dhe forcimin e demokracis\u00eb, dhe \u00e7oi miq\u00ebsin\u00eb dhe aleanc\u00ebn strategjike t\u00eb Shqip\u00ebris\u00eb me SHBA n\u00eb nivelet m\u00eb t\u00eb larta.<\/p>\n<p>Gjat\u00eb koh\u00ebs q\u00eb z. Berisha ishte Kryeminist\u00ebr, Shqip\u00ebria p\u00ebrmbushi t\u00eb gjitha reformat e nevojshme p\u00ebr an\u00ebtar\u00ebsimin n\u00eb NATO, si dhe marrjen e statusit t\u00eb vendit kandidat p\u00ebr n\u00eb Bashkimin Europian, ku lufta ndaj korrupsionit dhe krimit t\u00eb organizuar ishin kryekushte. N\u00eb t\u00eb gjitha k\u00ebto arritje partner ky\u00e7 i Qeveris\u00eb Shqiptare ishin Shtetet e Bashkuara t\u00eb Amerik\u00ebs.<\/p>\n<p>P\u00ebr fat t\u00eb keq, ndryshe ka ndodhur n\u00eb k\u00ebto 8 vite, ku p\u00ebr shkak t\u00eb korrupsionit masiv n\u00eb \u00e7do sektor dhe lidhjeve t\u00eb pushtetit me krimin e organizuar, Shqip\u00ebria ka mbetur n\u00eb vendnum\u00ebro n\u00eb zbatimin e reformave q\u00eb i duhen vendit, si an\u00ebtar i NATO-s dhe aspirant p\u00ebr vend an\u00ebtar i Bashkimit Europian.<\/p>\n<p>Vendimi i sot\u00ebm i Sekretarit t\u00eb Shtetit nuk c\u00ebnon arritjet madhore t\u00eb Shqip\u00ebris\u00eb n\u00ebn drejtimin e Sali Berish\u00ebs, kontributin e tij madhor n\u00eb demokratizimin e Shqip\u00ebris\u00eb dhe reformat q\u00eb e afruan vendin me partner\u00ebt tan\u00eb Euro-Atlantik\u00eb, dhe aq m\u00eb pak marr\u00ebdh\u00ebnien e shk\u00eblqyer t\u00eb Partis\u00eb Demokratike me Shtetet e Bashkuara t\u00eb Amerik\u00ebs.<\/p>\n<p>Ne i konsiderojm\u00eb SHBA aleatin ton\u00eb strategjik m\u00eb t\u00eb r\u00ebnd\u00ebsish\u00ebm p\u00ebr Shqip\u00ebrin\u00eb, dhe luft\u00ebn ndaj krimit t\u00eb organizuar dhe korrupsionit si prioritet absolut komb\u00ebtar.<\/p>\n<p>Partia Demokratike \u00ebsht\u00eb e vendosur t\u00eb vazhdoj\u00eb pa asnj\u00eb kompromis luft\u00ebn kund\u00ebr korrupsionit dhe krimit t\u00eb organizuar, n\u00eb dobi t\u00eb demokracis\u00eb, shtetit t\u00eb s\u00eb drejt\u00ebs, transparenc\u00ebs dhe mir\u00ebqenies s\u00eb Shqip\u00ebris\u00eb dhe kombit shqiptar.<\/p>","protected":false},"excerpt":{"rendered":"<p>Berisha non-grata nga SHBA, reagon Lulzim Basha Statusi U njoha me keqardhje me vendimin e Sekretarit t\u00eb Shtetit p\u00ebr ish Presidentin dhe ish kryeministrin Sali Berisha. Duke n\u00ebnvizuar q\u00ebndrimin e z. Berisha, i cili pasi shpreh keqardhjen p\u00ebr vendimin dhe e konsideron at\u00eb pa asnj\u00eb baz\u00eb konkrete, b\u00ebj thirrje p\u00ebr transparenc\u00eb t\u00eb plot\u00eb mbi \u00e7do [&hellip;]<\/p>\n","protected":false},"author":2031,"featured_media":180837,"comment_status":"closed","ping_status":"closed","sticky":false,"template":"","format":"standard","meta":{"footnotes":""},"categories":[231],"tags":[596,312,329],"class_list":{"0":"post-183406","1":"post","2":"type-post","3":"status-publish","4":"format-standard","5":"has-post-thumbnail","7":"category-lajme","8":"tag-basha","9":"tag-lajme","10":"tag-zjarr-tv"},"_links":{"self":[{"href":"https:\/\/zjarr.tv\/en\/wp-json\/wp\/v2\/posts\/183406","targetHints":{"allow":["GET"]}}],"collection":[{"href":"https:\/\/zjarr.tv\/en\/wp-json\/wp\/v2\/posts"}],"about":[{"href":"https:\/\/zjarr.tv\/en\/wp-json\/wp\/v2\/types\/post"}],"author":[{"embeddable":true,"href":"https:\/\/zjarr.tv\/en\/wp-json\/wp\/v2\/users\/2031"}],"replies":[{"embeddable":true,"href":"https:\/\/zjarr.tv\/en\/wp-json\/wp\/v2\/comments?post=183406"}],"version-history":[{"count":0,"href":"https:\/\/zjarr.tv\/en\/wp-json\/wp\/v2\/posts\/183406\/revisions"}],"wp:featuredmedia":[{"embeddable":true,"href":"https:\/\/zjarr.tv\/en\/wp-json\/wp\/v2\/media\/180837"}],"wp:attachment":[{"href":"https:\/\/zjarr.tv\/en\/wp-json\/wp\/v2\/media?parent=183406"}],"wp:term":[{"taxonomy":"category","embeddable":true,"href":"https:\/\/zjarr.tv\/en\/wp-json\/wp\/v2\/categories?post=183406"},{"taxonomy":"post_tag","embeddable":true,"href":"https:\/\/zjarr.tv\/en\/wp-json\/wp\/v2\/tags?post=183406"}],"curies":[{"name":"wp","href":"https:\/\/api.w.org\/{rel}","templated":true}]}}