{"id":183434,"date":"2021-05-19T20:46:19","date_gmt":"2021-05-19T18:46:19","guid":{"rendered":"https:\/\/zjarr.tv\/?p=183434"},"modified":"2021-05-19T20:46:19","modified_gmt":"2021-05-19T18:46:19","slug":"andi-bushati-shba-dikur-mbronte-krimet-e-berishes-sot-mbron-krimet-e-rames-non-grata-mesazh-qe-opozita-te-mos-beje-protesta","status":"publish","type":"post","link":"https:\/\/zjarr.tv\/en\/andi-bushati-shba-dikur-mbronte-krimet-e-berishes-sot-mbron-krimet-e-rames-non-grata-mesazh-qe-opozita-te-mos-beje-protesta\/","title":{"rendered":"Andi Bushati: SHBA dikur mbronte krimet e Berish\u00ebs, sot mbron krimet e Ram\u00ebs! \u201cNon-grata\u201d mesazh q\u00eb opozita t\u00eb mos b\u00ebj\u00eb protesta"},"content":{"rendered":"<p>Analisti Andi Bushati komenton vendimin e Departamentit Amerikan t\u00eb Shtetit p\u00ebr shpalljen non-grata t\u00eb ish-kryeministrit Sali Berisha, duke e quajtur si hipokrizi.<\/p>\n<p>Bushati tha n\u00eb emisioni \u201cShock\u201d n\u00eb Euronews Albania, se gjat\u00eb qeverisjes s\u00eb Berish\u00ebs, zyrtar\u00ebt amerikan\u00eb e quanin at\u00eb \u201cburr\u00eb shteti\u201d, ndaj sipas tij duhet par\u00eb pse vendimi p\u00ebr shpalljen non-grata \u00ebsht\u00eb dh\u00ebn\u00eb pas kaq koh\u00ebsh.<\/p>\n<p>P\u00ebr Bushatin, ky vendim \u00ebsht\u00eb edhe nj\u00eb mesazh p\u00ebr opozit\u00ebn shqiptare q\u00eb t\u00eb mos organizoj\u00eb protesta kund\u00ebr qeveris\u00eb, pasi si\u00e7 u shpreh ai, SHBA-s\u00eb i intereson m\u00eb tep\u00ebr stabiliteti sesa demokracia.<\/p>\n<p><strong>Pjes\u00eb nga deklarata e Bushatit n\u00eb Euronews Albania:<\/strong><\/p>\n<p>Pyetja \u00ebsht\u00eb pse tani? Sepse duke zb\u00ebrthyer pse tani, ne arrijm\u00eb t\u00eb kuptojm\u00eb edhe q\u00ebllimin pse \u00ebsht\u00eb b\u00ebr\u00eb kjo. Q\u00ebllimi \u00ebsht\u00eb p\u00ebr t\u2019i hapur rrug\u00ebn regjimit me vota t\u00eb vjedhura t\u00eb Edi Ram\u00ebs, amerikan\u00ebt i japin prioritet stabilitetit para drejt\u00ebsis\u00eb. Sali Berisha do i kishte patur k\u00ebto pasoja koh\u00eb m\u00eb para.<\/p>\n<p>N\u00ebse sot flasim p\u00ebr korrupsion t\u00eb duksh\u00ebm dhe minim t\u00eb demokracis\u00eb, ka dy \u00e7\u00ebshtje, korrupsioni n\u00eb G\u00ebrdec dhe minimi i demokracis\u00eb me vrasjen e protestuesve, pik\u00ebrisht n\u00eb k\u00ebt\u00eb koh\u00eb Berisha quhej burr\u00eb shteti. A ka k\u00ebtu hipokrizi? Pse at\u00ebher\u00eb quhej burr\u00eb i mir\u00eb nga amerikan\u00ebt? Ka ndyrshuar vet\u00ebm fakti q\u00eb Berisha ishte n\u00eb pushtet.<\/p>\n<p>Kur ka qen\u00eb m\u00eb i korruptuar Berisha? Mandatin e par\u00eb? Kur b\u00ebri skemat piramidale? Por ky Berish\u00eb u amnistua nga Xhorxh Bush, n\u00eb vizit\u00ebn e vetme t\u00eb presidentit amerikan n\u00eb Shqip\u00ebri.<\/p>\n<p>Pse sot? Se sot ekziston rreziku q\u00eb opozita t\u00eb protestoj\u00eb dhe t\u00eb shkund\u00eb sistemin p\u00ebr vot\u00ebn e vjedhur. Dhe i \u00e7ohet nj\u00eb sinjal opozit\u00ebs, n\u00ebse protestoni k\u00ebshtu do ta p\u00ebsoni. Amerika, kur Berisha ka b\u00ebr\u00eb krime, ka mbrojtur krimet e Berish\u00ebs, dhe kur Rama b\u00ebn krime ata mbrojn\u00eb Ram\u00ebn. Atyre u intereson ai kuadri i stabilitetit. SHBA-s\u00eb nuk i intereson kukulla q\u00eb \u00ebsht\u00eb k\u00ebtu.<\/p>","protected":false},"excerpt":{"rendered":"<p>Analisti Andi Bushati komenton vendimin e Departamentit Amerikan t\u00eb Shtetit p\u00ebr shpalljen non-grata t\u00eb ish-kryeministrit Sali Berisha, duke e quajtur si hipokrizi. Bushati tha n\u00eb emisioni \u201cShock\u201d n\u00eb Euronews Albania, se gjat\u00eb qeverisjes s\u00eb Berish\u00ebs, zyrtar\u00ebt amerikan\u00eb e quanin at\u00eb \u201cburr\u00eb shteti\u201d, ndaj sipas tij duhet par\u00eb pse vendimi p\u00ebr shpalljen non-grata \u00ebsht\u00eb dh\u00ebn\u00eb pas [&hellip;]<\/p>\n","protected":false},"author":2031,"featured_media":181140,"comment_status":"closed","ping_status":"closed","sticky":false,"template":"","format":"standard","meta":{"footnotes":""},"categories":[231],"tags":[3163,312,329],"class_list":{"0":"post-183434","1":"post","2":"type-post","3":"status-publish","4":"format-standard","5":"has-post-thumbnail","7":"category-lajme","8":"tag-andi-bushati","9":"tag-lajme","10":"tag-zjarr-tv"},"_links":{"self":[{"href":"https:\/\/zjarr.tv\/en\/wp-json\/wp\/v2\/posts\/183434","targetHints":{"allow":["GET"]}}],"collection":[{"href":"https:\/\/zjarr.tv\/en\/wp-json\/wp\/v2\/posts"}],"about":[{"href":"https:\/\/zjarr.tv\/en\/wp-json\/wp\/v2\/types\/post"}],"author":[{"embeddable":true,"href":"https:\/\/zjarr.tv\/en\/wp-json\/wp\/v2\/users\/2031"}],"replies":[{"embeddable":true,"href":"https:\/\/zjarr.tv\/en\/wp-json\/wp\/v2\/comments?post=183434"}],"version-history":[{"count":0,"href":"https:\/\/zjarr.tv\/en\/wp-json\/wp\/v2\/posts\/183434\/revisions"}],"wp:featuredmedia":[{"embeddable":true,"href":"https:\/\/zjarr.tv\/en\/wp-json\/wp\/v2\/media\/181140"}],"wp:attachment":[{"href":"https:\/\/zjarr.tv\/en\/wp-json\/wp\/v2\/media?parent=183434"}],"wp:term":[{"taxonomy":"category","embeddable":true,"href":"https:\/\/zjarr.tv\/en\/wp-json\/wp\/v2\/categories?post=183434"},{"taxonomy":"post_tag","embeddable":true,"href":"https:\/\/zjarr.tv\/en\/wp-json\/wp\/v2\/tags?post=183434"}],"curies":[{"name":"wp","href":"https:\/\/api.w.org\/{rel}","templated":true}]}}