{"id":183445,"date":"2021-05-20T07:34:03","date_gmt":"2021-05-20T05:34:03","guid":{"rendered":"https:\/\/zjarr.tv\/?p=183445"},"modified":"2021-05-20T07:34:03","modified_gmt":"2021-05-20T05:34:03","slug":"berisha-non-grata-ne-shba-artan-hoxha-mesazh-te-per-ilir-meten-shkelqesi-president-kambanat-bien-per-ata-qe-kane-veshe","status":"publish","type":"post","link":"https:\/\/zjarr.tv\/en\/berisha-non-grata-ne-shba-artan-hoxha-mesazh-te-per-ilir-meten-shkelqesi-president-kambanat-bien-per-ata-qe-kane-veshe\/","title":{"rendered":"Berisha non-grata n\u00eb SHBA\/ Artan Hoxha mesazh t\u00eb p\u00ebr Ilir Met\u00ebn: Shk\u00eblqesi President, kambanat bien p\u00ebr ata q\u00eb kan\u00eb vesh\u00eb\u2026"},"content":{"rendered":"<p>Shpallja non-grata e ish-kryeministrit Sali Berisha dhe familjar\u00ebve t\u00eb tij, ka shkundur mbar\u00eb opinioni publik shqiptar dit\u00ebn e djeshme, nj\u00eb vendim i papritur q\u00eb menj\u00ebher\u00eb ka nxitur reagime t\u00eb forta. Nj\u00eb nd\u00ebr reagimet \u00ebsht\u00eb edhe ai i gazetarit t\u00eb njohur investigativ Artan Hoxha. Ai ironizon vendimin p\u00ebr Berish\u00ebn, duke e quajtur \u201cMarshall\u201d nd\u00ebrsa i thot\u00eb se tashm\u00eb \u201cs\u2019do t\u00eb mundet ta mbaj\u00eb peng vendin\u201d.<\/p>\n<p>Por gazetari Hoxha, e ka edhe nj\u00eb mesazh p\u00ebr Presidentin Ilir Meta, i cili s\u00eb fundmi ka patur nj\u00eb p\u00ebrplasje t\u00eb ashp\u00ebr me ambasadoren amerikane Yuri Kim. \u201cKambanat bien p\u00ebr ata q\u00eb kan\u00eb vesh\u00eb\u201d.<\/p>\n<p><strong>Reagimi i plot\u00eb i gazetarit Hoxha:<\/strong><\/p>\n<p>19 maj 2021<\/p>\n<p>Departamenti i Shtetit shpall person t\u00eb padeshiruesh\u00ebm dhe ndalon hyrjen e Sali Berish\u00ebs dhe familjes s\u00eb tij n\u00eb Shtetet e Bashkuara t\u00eb Amerik\u00ebs\u2026. Besoj se ta kam th\u00ebn\u00eb n\u00eb koh\u00ebn e duhur \u201cMarshall\u201d\u2026 Dhe mos harro, t\u00eb kan\u00eb damkosur p\u00ebr korrupsion n\u00eb niveleve t\u00eb larta.<\/p>\n<p>Nuk do mundesh m\u00eb, ta mbash peng k\u00ebt\u00eb vend\u2026 17 shkurt 2018, 31 janar 2019, 19 maj 2021.. Respekte Marshall, me krah t\u00eb lehta\u2026 Dielli do t\u00eb vazhdoj\u00eb ta ngroh s\u00ebrish, k\u00ebt\u00eb vend t\u00eb bekuar nga zoti\u2026 Ishallah t\u00ebrheq k\u00ebmb\u00ebn zvarr\u00eb edhe p\u00ebr t\u00eb tjer\u00ebt\u2026 Kambanat, besoj, bien p\u00ebr ata q\u00eb kan\u00eb vesh Shkelqesi President\u2026.<\/p>\n<p>&nbsp;<\/p>","protected":false},"excerpt":{"rendered":"<p>Shpallja non-grata e ish-kryeministrit Sali Berisha dhe familjar\u00ebve t\u00eb tij, ka shkundur mbar\u00eb opinioni publik shqiptar dit\u00ebn e djeshme, nj\u00eb vendim i papritur q\u00eb menj\u00ebher\u00eb ka nxitur reagime t\u00eb forta. Nj\u00eb nd\u00ebr reagimet \u00ebsht\u00eb edhe ai i gazetarit t\u00eb njohur investigativ Artan Hoxha. Ai ironizon vendimin p\u00ebr Berish\u00ebn, duke e quajtur \u201cMarshall\u201d nd\u00ebrsa i thot\u00eb [&hellip;]<\/p>\n","protected":false},"author":2016,"featured_media":183447,"comment_status":"closed","ping_status":"closed","sticky":false,"template":"","format":"standard","meta":{"footnotes":""},"categories":[241,1454],"tags":[3166],"class_list":{"0":"post-183445","1":"post","2":"type-post","3":"status-publish","4":"format-standard","5":"has-post-thumbnail","7":"category-aktualitet","8":"category-politike","9":"tag-lajme-zjarr-hoxha-mesazh-te-per-ilir-meten-zjarr-tv"},"_links":{"self":[{"href":"https:\/\/zjarr.tv\/en\/wp-json\/wp\/v2\/posts\/183445","targetHints":{"allow":["GET"]}}],"collection":[{"href":"https:\/\/zjarr.tv\/en\/wp-json\/wp\/v2\/posts"}],"about":[{"href":"https:\/\/zjarr.tv\/en\/wp-json\/wp\/v2\/types\/post"}],"author":[{"embeddable":true,"href":"https:\/\/zjarr.tv\/en\/wp-json\/wp\/v2\/users\/2016"}],"replies":[{"embeddable":true,"href":"https:\/\/zjarr.tv\/en\/wp-json\/wp\/v2\/comments?post=183445"}],"version-history":[{"count":0,"href":"https:\/\/zjarr.tv\/en\/wp-json\/wp\/v2\/posts\/183445\/revisions"}],"wp:featuredmedia":[{"embeddable":true,"href":"https:\/\/zjarr.tv\/en\/wp-json\/wp\/v2\/media\/183447"}],"wp:attachment":[{"href":"https:\/\/zjarr.tv\/en\/wp-json\/wp\/v2\/media?parent=183445"}],"wp:term":[{"taxonomy":"category","embeddable":true,"href":"https:\/\/zjarr.tv\/en\/wp-json\/wp\/v2\/categories?post=183445"},{"taxonomy":"post_tag","embeddable":true,"href":"https:\/\/zjarr.tv\/en\/wp-json\/wp\/v2\/tags?post=183445"}],"curies":[{"name":"wp","href":"https:\/\/api.w.org\/{rel}","templated":true}]}}