{"id":183448,"date":"2021-05-20T07:49:48","date_gmt":"2021-05-20T05:49:48","guid":{"rendered":"https:\/\/zjarr.tv\/?p=183448"},"modified":"2021-05-20T07:49:48","modified_gmt":"2021-05-20T05:49:48","slug":"berisha-non-grata-fatmir-xhafaj-ka-shba-ka-drejtesi-dhe-ka-zot-drejtesia-edhe-vonon-por-kurre-nuk-harron","status":"publish","type":"post","link":"https:\/\/zjarr.tv\/en\/berisha-non-grata-fatmir-xhafaj-ka-shba-ka-drejtesi-dhe-ka-zot-drejtesia-edhe-vonon-por-kurre-nuk-harron\/","title":{"rendered":"Berisha non grata\/ Fatmir Xhafaj: Ka SHBA, ka drejt\u00ebsi dhe ka Zot\/ Drejt\u00ebsia edhe vonon, por kurr\u00eb nuk harron\u2026"},"content":{"rendered":"<p>Deputeti i PS-s\u00eb Fatmir Xhafaj, me an\u00eb t\u00eb nj\u00eb postimi n\u00eb rrjetet sociale, ka reaguar, pasi DASH shpalli ish-kryeministrin Sali Berisha dhe familjen e tij, non grata n\u00eb SHBA.<\/p>\n<p>Xhafaj thekson se p\u00ebrsh\u00ebndet vendimin e drejt\u00eb t\u00eb DASH. Ai shton se ky ishte nj\u00eb mesazh i qart\u00eb i aleatit strategjik t\u00eb SHBA-ve, n\u00eb mb\u00ebshtetje t\u00eb drejt\u00ebsis\u00eb s\u00eb re. \u201cP\u00ebrsh\u00ebndes vendimin e drejt\u00eb t\u00eb DASH, q\u00eb \u00ebsht\u00eb nj\u00eb sinjal i qart\u00eb e konsenguent p\u00ebr nevoj\u00ebn jetike p\u00ebr konsolidimin e demokracis\u00eb dhe shtetit t\u00eb s\u00eb drejt\u00ebs n\u00eb Shqip\u00ebri.<\/p>\n<p>Ky ishte nj\u00eb mesazh i qart\u00eb i aleatit ton\u00eb strategjik n\u00eb mb\u00ebshtetje t\u00eb drejt\u00ebsis\u00eb s\u00eb re dhe t\u00eb pavarur. Koha p\u00ebr t\u00eb b\u00ebr\u00eb drejt\u00ebsi. Luft\u00eb frontale ndaj pand\u00ebshkueshm\u00ebris\u00eb t\u00eb t\u00eb korruptuarve. Ka SHBA, ka drejt\u00ebsi dhe ka Zot!\u201d, shkruan Xhafaj.<\/p>","protected":false},"excerpt":{"rendered":"<p>Deputeti i PS-s\u00eb Fatmir Xhafaj, me an\u00eb t\u00eb nj\u00eb postimi n\u00eb rrjetet sociale, ka reaguar, pasi DASH shpalli ish-kryeministrin Sali Berisha dhe familjen e tij, non grata n\u00eb SHBA. Xhafaj thekson se p\u00ebrsh\u00ebndet vendimin e drejt\u00eb t\u00eb DASH. Ai shton se ky ishte nj\u00eb mesazh i qart\u00eb i aleatit strategjik t\u00eb SHBA-ve, n\u00eb mb\u00ebshtetje t\u00eb [&hellip;]<\/p>\n","protected":false},"author":2016,"featured_media":183450,"comment_status":"closed","ping_status":"closed","sticky":false,"template":"","format":"standard","meta":{"footnotes":""},"categories":[241],"tags":[3167],"class_list":{"0":"post-183448","1":"post","2":"type-post","3":"status-publish","4":"format-standard","5":"has-post-thumbnail","7":"category-aktualitet","8":"tag-lajme-zjarr-xhafaj-drejtesia-edhe-vonon-zjarr-tv"},"_links":{"self":[{"href":"https:\/\/zjarr.tv\/en\/wp-json\/wp\/v2\/posts\/183448","targetHints":{"allow":["GET"]}}],"collection":[{"href":"https:\/\/zjarr.tv\/en\/wp-json\/wp\/v2\/posts"}],"about":[{"href":"https:\/\/zjarr.tv\/en\/wp-json\/wp\/v2\/types\/post"}],"author":[{"embeddable":true,"href":"https:\/\/zjarr.tv\/en\/wp-json\/wp\/v2\/users\/2016"}],"replies":[{"embeddable":true,"href":"https:\/\/zjarr.tv\/en\/wp-json\/wp\/v2\/comments?post=183448"}],"version-history":[{"count":0,"href":"https:\/\/zjarr.tv\/en\/wp-json\/wp\/v2\/posts\/183448\/revisions"}],"wp:featuredmedia":[{"embeddable":true,"href":"https:\/\/zjarr.tv\/en\/wp-json\/wp\/v2\/media\/183450"}],"wp:attachment":[{"href":"https:\/\/zjarr.tv\/en\/wp-json\/wp\/v2\/media?parent=183448"}],"wp:term":[{"taxonomy":"category","embeddable":true,"href":"https:\/\/zjarr.tv\/en\/wp-json\/wp\/v2\/categories?post=183448"},{"taxonomy":"post_tag","embeddable":true,"href":"https:\/\/zjarr.tv\/en\/wp-json\/wp\/v2\/tags?post=183448"}],"curies":[{"name":"wp","href":"https:\/\/api.w.org\/{rel}","templated":true}]}}