{"id":183626,"date":"2021-05-20T18:11:52","date_gmt":"2021-05-20T16:11:52","guid":{"rendered":"https:\/\/zjarr.tv\/?p=183626"},"modified":"2021-05-20T18:11:52","modified_gmt":"2021-05-20T16:11:52","slug":"shba-e-shpalli-non-grata-berisha-ngre-padi-ndaj-sekretarit-amerikan-te-shtetit","status":"publish","type":"post","link":"https:\/\/zjarr.tv\/en\/shba-e-shpalli-non-grata-berisha-ngre-padi-ndaj-sekretarit-amerikan-te-shtetit\/","title":{"rendered":"SHBA e shpalli \u201cnon grata\u201d, Berisha ngre padi ndaj sekretarit amerikan te shtetit"},"content":{"rendered":"<p>\u201cP\u00ebr arsye t\u00eb cilat jan\u00eb t\u00eb panjohura p\u00ebr mua, sekretari i DASH Blinken ka publikuar dje pa asnj\u00eb paralajm\u00ebrim dhe n\u00eb m\u00ebnyr\u00ebn m\u00eb t\u00eb papritur dhe shpif\u00ebs\u00eb vler\u00ebsime t\u00eb g\u00ebnjesht\u00ebrta p\u00ebr personalitetin tim.<\/p>\n<p>E p\u00ebrs\u00ebris q\u00eb kur kam filluar jet\u00ebn time politike dhe q\u00eb kur kam prekur rrog\u00ebn e par\u00eb n\u00eb borderot\u00eb e shtetit, e deri dit\u00ebn e djeshme nuk ka njeri n\u00eb bot\u00eb q\u00eb mund t\u00eb thot\u00eb se un\u00eb jam i implikuar n\u00eb nj\u00eb afer\u00eb t\u00eb \u00e7far\u00ebdoshme korruptive.<\/p>\n<p>Kam udh\u00ebzuar avokatin tim n\u00eb Franc\u00eb t\u00eb ngrej\u00eb padi ndaj Blinken p\u00ebr shpifje publike.\u201d, shpreh Berisha.<\/p>\n<p>&nbsp;<\/p>\n<p>Vijon\u2026<\/p>","protected":false},"excerpt":{"rendered":"<p>\u201cP\u00ebr arsye t\u00eb cilat jan\u00eb t\u00eb panjohura p\u00ebr mua, sekretari i DASH Blinken ka publikuar dje pa asnj\u00eb paralajm\u00ebrim dhe n\u00eb m\u00ebnyr\u00ebn m\u00eb t\u00eb papritur dhe shpif\u00ebs\u00eb vler\u00ebsime t\u00eb g\u00ebnjesht\u00ebrta p\u00ebr personalitetin tim. E p\u00ebrs\u00ebris q\u00eb kur kam filluar jet\u00ebn time politike dhe q\u00eb kur kam prekur rrog\u00ebn e par\u00eb n\u00eb borderot\u00eb e shtetit, e [&hellip;]<\/p>\n","protected":false},"author":2031,"featured_media":183627,"comment_status":"closed","ping_status":"closed","sticky":false,"template":"","format":"standard","meta":{"footnotes":""},"categories":[231],"tags":[981,312,329],"class_list":{"0":"post-183626","1":"post","2":"type-post","3":"status-publish","4":"format-standard","5":"has-post-thumbnail","7":"category-lajme","8":"tag-berisha","9":"tag-lajme","10":"tag-zjarr-tv"},"_links":{"self":[{"href":"https:\/\/zjarr.tv\/en\/wp-json\/wp\/v2\/posts\/183626","targetHints":{"allow":["GET"]}}],"collection":[{"href":"https:\/\/zjarr.tv\/en\/wp-json\/wp\/v2\/posts"}],"about":[{"href":"https:\/\/zjarr.tv\/en\/wp-json\/wp\/v2\/types\/post"}],"author":[{"embeddable":true,"href":"https:\/\/zjarr.tv\/en\/wp-json\/wp\/v2\/users\/2031"}],"replies":[{"embeddable":true,"href":"https:\/\/zjarr.tv\/en\/wp-json\/wp\/v2\/comments?post=183626"}],"version-history":[{"count":0,"href":"https:\/\/zjarr.tv\/en\/wp-json\/wp\/v2\/posts\/183626\/revisions"}],"wp:featuredmedia":[{"embeddable":true,"href":"https:\/\/zjarr.tv\/en\/wp-json\/wp\/v2\/media\/183627"}],"wp:attachment":[{"href":"https:\/\/zjarr.tv\/en\/wp-json\/wp\/v2\/media?parent=183626"}],"wp:term":[{"taxonomy":"category","embeddable":true,"href":"https:\/\/zjarr.tv\/en\/wp-json\/wp\/v2\/categories?post=183626"},{"taxonomy":"post_tag","embeddable":true,"href":"https:\/\/zjarr.tv\/en\/wp-json\/wp\/v2\/tags?post=183626"}],"curies":[{"name":"wp","href":"https:\/\/api.w.org\/{rel}","templated":true}]}}