{"id":183633,"date":"2021-05-20T18:17:41","date_gmt":"2021-05-20T16:17:41","guid":{"rendered":"https:\/\/zjarr.tv\/?p=183633"},"modified":"2021-05-20T18:17:41","modified_gmt":"2021-05-20T16:17:41","slug":"shpallja-non-grata-nga-shba-berisha-me-eshte-prekur-nderi-dhe-dinjiteti","status":"publish","type":"post","link":"https:\/\/zjarr.tv\/en\/shpallja-non-grata-nga-shba-berisha-me-eshte-prekur-nderi-dhe-dinjiteti\/","title":{"rendered":"Shpallja \u201cnon grata\u201d nga SHBA, Berisha: M\u00eb \u00ebsht\u00eb prekur nderi dhe dinjiteti"},"content":{"rendered":"<p>Ish-kryeministri Sali Berisha n\u00eb komunikimin e tij p\u00ebr mediat deklaroi sot se do t\u00eb padis\u00eb sekretarin amerikan t\u00eb Shtetit, Antony Blinken, pasi ky i fundit njoftoi dje shpalljen \u201cnon grata\u201d p\u00ebr t\u00eb.<\/p>\n<p>Berisha tha se padia do t\u00eb b\u00ebhet n\u00eb gjykat\u00ebn e Parisit dhe Blinken nuk \u00ebsht\u00eb me imunitet. Nd\u00ebr t\u00eb tjera, para mediave, ish kryeministri theksoi se i \u00ebsht\u00eb shkelur dinjiteti i tij.<\/p>","protected":false},"excerpt":{"rendered":"<p>Ish-kryeministri Sali Berisha n\u00eb komunikimin e tij p\u00ebr mediat deklaroi sot se do t\u00eb padis\u00eb sekretarin amerikan t\u00eb Shtetit, Antony Blinken, pasi ky i fundit njoftoi dje shpalljen \u201cnon grata\u201d p\u00ebr t\u00eb. Berisha tha se padia do t\u00eb b\u00ebhet n\u00eb gjykat\u00ebn e Parisit dhe Blinken nuk \u00ebsht\u00eb me imunitet. Nd\u00ebr t\u00eb tjera, para mediave, ish [&hellip;]<\/p>\n","protected":false},"author":2031,"featured_media":183636,"comment_status":"closed","ping_status":"closed","sticky":false,"template":"","format":"standard","meta":{"footnotes":""},"categories":[231],"tags":[981,312,329],"class_list":{"0":"post-183633","1":"post","2":"type-post","3":"status-publish","4":"format-standard","5":"has-post-thumbnail","7":"category-lajme","8":"tag-berisha","9":"tag-lajme","10":"tag-zjarr-tv"},"_links":{"self":[{"href":"https:\/\/zjarr.tv\/en\/wp-json\/wp\/v2\/posts\/183633","targetHints":{"allow":["GET"]}}],"collection":[{"href":"https:\/\/zjarr.tv\/en\/wp-json\/wp\/v2\/posts"}],"about":[{"href":"https:\/\/zjarr.tv\/en\/wp-json\/wp\/v2\/types\/post"}],"author":[{"embeddable":true,"href":"https:\/\/zjarr.tv\/en\/wp-json\/wp\/v2\/users\/2031"}],"replies":[{"embeddable":true,"href":"https:\/\/zjarr.tv\/en\/wp-json\/wp\/v2\/comments?post=183633"}],"version-history":[{"count":0,"href":"https:\/\/zjarr.tv\/en\/wp-json\/wp\/v2\/posts\/183633\/revisions"}],"wp:featuredmedia":[{"embeddable":true,"href":"https:\/\/zjarr.tv\/en\/wp-json\/wp\/v2\/media\/183636"}],"wp:attachment":[{"href":"https:\/\/zjarr.tv\/en\/wp-json\/wp\/v2\/media?parent=183633"}],"wp:term":[{"taxonomy":"category","embeddable":true,"href":"https:\/\/zjarr.tv\/en\/wp-json\/wp\/v2\/categories?post=183633"},{"taxonomy":"post_tag","embeddable":true,"href":"https:\/\/zjarr.tv\/en\/wp-json\/wp\/v2\/tags?post=183633"}],"curies":[{"name":"wp","href":"https:\/\/api.w.org\/{rel}","templated":true}]}}