{"id":183639,"date":"2021-05-20T18:26:22","date_gmt":"2021-05-20T16:26:22","guid":{"rendered":"https:\/\/zjarr.tv\/?p=183639"},"modified":"2021-05-20T18:26:22","modified_gmt":"2021-05-20T16:26:22","slug":"heshtja-e-presidentit-meta-per-shpalljen-non-grata-berisha-une-flas-vete","status":"publish","type":"post","link":"https:\/\/zjarr.tv\/en\/heshtja-e-presidentit-meta-per-shpalljen-non-grata-berisha-une-flas-vete\/","title":{"rendered":"Heshtja e presidentit Meta p\u00ebr shpalljen non-grata, Berisha: Un\u00eb flas vet\u00eb\u2026"},"content":{"rendered":"<p>Heshtjen e presidentit Ilir Meta n\u00eb lidhje me shpalljen non grata nga SHBA, ish-kryeministri Sali Berisha e cil\u00ebsoi fare normale.<\/p>\n<p>\u201cFare normale. Nuk ka asnj\u00eb lloj shkaku pse t\u00eb prononcohet. Un\u00eb prononcohem vet\u00eb\u201d, u shpreh Berisha.<\/p>\n<p>Berisha u pyet nga gazetar\u00ebt edhe p\u00ebr deklarat\u00ebn e Palmer dhe n\u00ebse do t\u00eb ngrej\u00eb padi edhe ndaj tij.<\/p>\n<p>\u201cDo e shqyrtoj deklarat\u00ebn e tij. N\u00eb fund t\u00eb fundi ai \u00ebsht\u00eb nj\u00eb zyrtar i lart\u00eb i DASH dhe ka mbrojtur deklarat\u00ebn e sekretarit. Por mendoj se sot jam p\u00ebr at\u00eb deklarat\u00eb q\u00eb \u00ebsht\u00eb b\u00ebr\u00eb\u201d, u shpreh Berisha<\/p>","protected":false},"excerpt":{"rendered":"<p>Heshtjen e presidentit Ilir Meta n\u00eb lidhje me shpalljen non grata nga SHBA, ish-kryeministri Sali Berisha e cil\u00ebsoi fare normale. \u201cFare normale. Nuk ka asnj\u00eb lloj shkaku pse t\u00eb prononcohet. Un\u00eb prononcohem vet\u00eb\u201d, u shpreh Berisha. Berisha u pyet nga gazetar\u00ebt edhe p\u00ebr deklarat\u00ebn e Palmer dhe n\u00ebse do t\u00eb ngrej\u00eb padi edhe ndaj tij. [&hellip;]<\/p>\n","protected":false},"author":2031,"featured_media":152188,"comment_status":"closed","ping_status":"closed","sticky":false,"template":"","format":"standard","meta":{"footnotes":""},"categories":[231],"tags":[],"class_list":{"0":"post-183639","1":"post","2":"type-post","3":"status-publish","4":"format-standard","5":"has-post-thumbnail","7":"category-lajme"},"_links":{"self":[{"href":"https:\/\/zjarr.tv\/en\/wp-json\/wp\/v2\/posts\/183639","targetHints":{"allow":["GET"]}}],"collection":[{"href":"https:\/\/zjarr.tv\/en\/wp-json\/wp\/v2\/posts"}],"about":[{"href":"https:\/\/zjarr.tv\/en\/wp-json\/wp\/v2\/types\/post"}],"author":[{"embeddable":true,"href":"https:\/\/zjarr.tv\/en\/wp-json\/wp\/v2\/users\/2031"}],"replies":[{"embeddable":true,"href":"https:\/\/zjarr.tv\/en\/wp-json\/wp\/v2\/comments?post=183639"}],"version-history":[{"count":0,"href":"https:\/\/zjarr.tv\/en\/wp-json\/wp\/v2\/posts\/183639\/revisions"}],"wp:featuredmedia":[{"embeddable":true,"href":"https:\/\/zjarr.tv\/en\/wp-json\/wp\/v2\/media\/152188"}],"wp:attachment":[{"href":"https:\/\/zjarr.tv\/en\/wp-json\/wp\/v2\/media?parent=183639"}],"wp:term":[{"taxonomy":"category","embeddable":true,"href":"https:\/\/zjarr.tv\/en\/wp-json\/wp\/v2\/categories?post=183639"},{"taxonomy":"post_tag","embeddable":true,"href":"https:\/\/zjarr.tv\/en\/wp-json\/wp\/v2\/tags?post=183639"}],"curies":[{"name":"wp","href":"https:\/\/api.w.org\/{rel}","templated":true}]}}