{"id":183646,"date":"2021-05-20T19:06:24","date_gmt":"2021-05-20T17:06:24","guid":{"rendered":"https:\/\/zjarr.tv\/?p=183646"},"modified":"2021-05-20T19:06:24","modified_gmt":"2021-05-20T17:06:24","slug":"do-e-dorezoni-mandatin-e-deputetit-pas-vendimit-non-grata-berisha-jep-pergjigjen-e-papritur","status":"publish","type":"post","link":"https:\/\/zjarr.tv\/en\/do-e-dorezoni-mandatin-e-deputetit-pas-vendimit-non-grata-berisha-jep-pergjigjen-e-papritur\/","title":{"rendered":"Do e dor\u00ebzoni mandatin e deputetit pas vendimit \u201cnon-grata\u201d? Berisha jep p\u00ebrgjigjen e papritur"},"content":{"rendered":"<p style=\"background: white; margin: 0in 0in 19.5pt 0in;\">Ish-kryeministri Sali Berisha i \u00ebsht\u00eb p\u00ebrgjigjur me batut\u00eb pyetjes s\u00eb fundit t\u00eb b\u00ebr\u00eb nga gazetar\u00ebt n\u00eb sall\u00ebn e konferencave n\u00eb hotel Rogner sot pasdite.<\/p>\n<p style=\"background: white; -webkit-tap-highlight-color: transparent !important; box-sizing: border-box; overflow-wrap: break-word; font-variant-ligatures: normal; font-variant-caps: normal; orphans: 2; widows: 2; -webkit-text-stroke-width: 0px; text-decoration-thickness: initial; text-decoration-style: initial; text-decoration-color: initial; word-spacing: 0px; margin: 0in 0in 19.5pt 0in;\">Ai \u00ebsht\u00eb pyetur n\u00ebse do e dor\u00ebzoj\u00eb mandatin e deputetit q\u00eb p\u00ebrfitoi nga zgjedhjet e 25 prillit, nd\u00ebrsa p\u00ebrgjigja ishte e papritur. Ai b\u00ebri sikur nuk e d\u00ebgjoi mir\u00eb pyetjen, nd\u00ebrsa her\u00ebn e dyt\u00eb tha: Un\u00eb mendova se that\u00eb \u201ca do e dyfishoni\u201d. \u00c7ka tregon se Berisha do e mbaj\u00eb mandatin dhe do vazhdoj\u00eb betej\u00ebn.<\/p>\n<p style=\"background: white; -webkit-tap-highlight-color: transparent !important; box-sizing: border-box; overflow-wrap: break-word; font-variant-ligatures: normal; font-variant-caps: normal; orphans: 2; widows: 2; -webkit-text-stroke-width: 0px; text-decoration-thickness: initial; text-decoration-style: initial; text-decoration-color: initial; word-spacing: 0px; margin: 0in 0in 19.5pt 0in;\">P\u00ebrgjigja shkaktoi t\u00eb qeshura n\u00eb sall\u00eb nd\u00ebrsa kur u ngrit mb\u00ebshtet\u00ebsit e tij shp\u00ebrthyen n\u00eb ovacione p\u00ebr t\u2019i dh\u00ebn\u00eb suport.<\/p>\n<p style=\"background: white; -webkit-tap-highlight-color: transparent !important; box-sizing: border-box; overflow-wrap: break-word; font-variant-ligatures: normal; font-variant-caps: normal; orphans: 2; widows: 2; -webkit-text-stroke-width: 0px; text-decoration-thickness: initial; text-decoration-style: initial; text-decoration-color: initial; word-spacing: 0px; margin: 0in 0in 19.5pt 0in;\"><strong style=\"-webkit-tap-highlight-color: transparent !important; box-sizing: border-box;\">Pyetje:\u00a0<\/strong>A do ta dor\u00ebzoni mandatin e deputetit q\u00eb keni marr\u00eb nga zgjedhjet e 25 prillit?<\/p>\n<p style=\"background: white; -webkit-tap-highlight-color: transparent !important; box-sizing: border-box; overflow-wrap: break-word; font-variant-ligatures: normal; font-variant-caps: normal; orphans: 2; widows: 2; -webkit-text-stroke-width: 0px; text-decoration-thickness: initial; text-decoration-style: initial; text-decoration-color: initial; word-spacing: 0px; margin: 0in 0in 19.5pt 0in;\"><strong style=\"-webkit-tap-highlight-color: transparent !important; box-sizing: border-box;\">Berisha:\u00a0<\/strong>\u00c7far\u00eb?<\/p>\n<p style=\"background: white; -webkit-tap-highlight-color: transparent !important; box-sizing: border-box; overflow-wrap: break-word; font-variant-ligatures: normal; font-variant-caps: normal; orphans: 2; widows: 2; -webkit-text-stroke-width: 0px; text-decoration-thickness: initial; text-decoration-style: initial; text-decoration-color: initial; word-spacing: 0px; margin: 0in 0in 19.5pt 0in;\"><strong style=\"-webkit-tap-highlight-color: transparent !important; box-sizing: border-box;\">Pyetje:<\/strong>\u00a0Do e dor\u00ebzoni mandatin e deputetit?<\/p>\n<p style=\"background: white; -webkit-tap-highlight-color: transparent !important; box-sizing: border-box; overflow-wrap: break-word; font-variant-ligatures: normal; font-variant-caps: normal; orphans: 2; widows: 2; -webkit-text-stroke-width: 0px; text-decoration-thickness: initial; text-decoration-style: initial; text-decoration-color: initial; word-spacing: 0px; margin: 0in 0in 19.5pt 0in;\"><strong style=\"-webkit-tap-highlight-color: transparent !important; box-sizing: border-box;\">Berisha:<\/strong>\u00a0Thash\u00eb se m\u00eb that\u00eb \u201ca do e dyfishoni?\u201d (qesh)<\/p>\n<p style=\"background: white; -webkit-tap-highlight-color: transparent !important; box-sizing: border-box; overflow-wrap: break-word; font-variant-ligatures: normal; font-variant-caps: normal; orphans: 2; widows: 2; -webkit-text-stroke-width: 0px; text-decoration-thickness: initial; text-decoration-style: initial; text-decoration-color: initial; word-spacing: 0px; margin: 0in 0in 19.5pt 0in;\">(qeshje n\u00eb sall\u00eb)<\/p>","protected":false},"excerpt":{"rendered":"<p>Ish-kryeministri Sali Berisha i \u00ebsht\u00eb p\u00ebrgjigjur me batut\u00eb pyetjes s\u00eb fundit t\u00eb b\u00ebr\u00eb nga gazetar\u00ebt n\u00eb sall\u00ebn e konferencave n\u00eb hotel Rogner sot pasdite. Ai \u00ebsht\u00eb pyetur n\u00ebse do e dor\u00ebzoj\u00eb mandatin e deputetit q\u00eb p\u00ebrfitoi nga zgjedhjet e 25 prillit, nd\u00ebrsa p\u00ebrgjigja ishte e papritur. Ai b\u00ebri sikur nuk e d\u00ebgjoi mir\u00eb pyetjen, nd\u00ebrsa [&hellip;]<\/p>\n","protected":false},"author":2030,"featured_media":183647,"comment_status":"closed","ping_status":"closed","sticky":false,"template":"","format":"standard","meta":{"footnotes":""},"categories":[241,1454],"tags":[],"class_list":{"0":"post-183646","1":"post","2":"type-post","3":"status-publish","4":"format-standard","5":"has-post-thumbnail","7":"category-aktualitet","8":"category-politike"},"_links":{"self":[{"href":"https:\/\/zjarr.tv\/en\/wp-json\/wp\/v2\/posts\/183646","targetHints":{"allow":["GET"]}}],"collection":[{"href":"https:\/\/zjarr.tv\/en\/wp-json\/wp\/v2\/posts"}],"about":[{"href":"https:\/\/zjarr.tv\/en\/wp-json\/wp\/v2\/types\/post"}],"author":[{"embeddable":true,"href":"https:\/\/zjarr.tv\/en\/wp-json\/wp\/v2\/users\/2030"}],"replies":[{"embeddable":true,"href":"https:\/\/zjarr.tv\/en\/wp-json\/wp\/v2\/comments?post=183646"}],"version-history":[{"count":0,"href":"https:\/\/zjarr.tv\/en\/wp-json\/wp\/v2\/posts\/183646\/revisions"}],"wp:featuredmedia":[{"embeddable":true,"href":"https:\/\/zjarr.tv\/en\/wp-json\/wp\/v2\/media\/183647"}],"wp:attachment":[{"href":"https:\/\/zjarr.tv\/en\/wp-json\/wp\/v2\/media?parent=183646"}],"wp:term":[{"taxonomy":"category","embeddable":true,"href":"https:\/\/zjarr.tv\/en\/wp-json\/wp\/v2\/categories?post=183646"},{"taxonomy":"post_tag","embeddable":true,"href":"https:\/\/zjarr.tv\/en\/wp-json\/wp\/v2\/tags?post=183646"}],"curies":[{"name":"wp","href":"https:\/\/api.w.org\/{rel}","templated":true}]}}