{"id":183650,"date":"2021-05-21T07:19:37","date_gmt":"2021-05-21T05:19:37","guid":{"rendered":"https:\/\/zjarr.tv\/?p=183650"},"modified":"2021-05-21T07:19:37","modified_gmt":"2021-05-21T05:19:37","slug":"padia-ndaj-blinken-flet-andi-bejtja-vendimi-i-berishes-respekton-nderin-e-te-gjithe-shqiptareve","status":"publish","type":"post","link":"https:\/\/zjarr.tv\/en\/padia-ndaj-blinken-flet-andi-bejtja-vendimi-i-berishes-respekton-nderin-e-te-gjithe-shqiptareve\/","title":{"rendered":"Padia ndaj Blinken\/ Flet Andi Bejtja: Vendimi i Berish\u00ebs respekton nderin e t\u00eb gjith\u00eb shqiptar\u00ebve\u2026"},"content":{"rendered":"<p>Drejtori i Informacionit n\u00eb SYRI TV, Andi Bejtja, ka komentuar vendimin e fundit t\u00eb ish-kryeministrit Sali Berisha, p\u00ebr t\u00eb paditur p\u00ebr shpifje n\u00eb gjykat\u00ebn e Franc\u00ebs, Sekretarin e Shtetit t\u00eb SHBA, Antony\u00a0Blinken.<\/p>\n<p>Sipas Bejtjes, Berisha ka guxuar s\u00ebrish duke hapur nj\u00eb proces t\u00eb pabarabart\u00eb, por duke respektuar nderin e t\u00eb gjith\u00eb shqiptar\u00ebve.<\/p>\n<p><em>\u2018Ishte nj\u00eb vendim q\u00eb nuk e prisja, por \u00ebsht\u00eb vendimi m\u00eb i drejt\u00eb, pasi Berisha si nj\u00eb qytetar, dhe si nj\u00eb njeri q\u00eb ka qen\u00eb n\u00eb pushtet, por ka tet\u00eb vite n\u00eb opozit\u00eb, s\u00eb pari respektoi t\u00eb gjith\u00eb qytetar\u00ebt e Shqip\u00ebris\u00eb, si qytetar\u00ebt e djatht\u00eb e t\u00eb majt\u00eb, ata q\u00eb nuk e duan, pra t\u00eb gjith\u00eb shqiptar\u00ebt.<\/em><\/p>\n<p><em>Respektoi dhe PD, q\u00eb nuk e p\u00ebrzieu fare me k\u00ebt\u00eb proces.<\/em><\/p>\n<p><em>Respektoi qytetar\u00ebt shqiptar\u00eb, pasi kemi nj\u00eb individ, i cili p\u00ebr shkak t\u00eb dinjitetit hedh n\u00eb gjyq nj\u00eb zyrtar t\u00eb Ministris\u00eb s\u00eb Jashtme amerikane, ku gjyqi \u00ebsht\u00eb prap\u00eb i pabarabart\u00eb, ku Berisha guxoi n\u00eb k\u00ebt\u00eb pik\u00eb, duke respektuar nderin e shqiptar\u00ebve t\u00eb t\u00eb gjitha ngjyrave, t\u00eb t\u00eb gjitha racave dhe t\u00eb gjitha llojeve. Kjo \u00ebsht\u00eb p\u00ebr t&#8217;u p\u00ebrsh\u00ebndetur, pasi ne nuk mund t\u00eb presim m\u00eb mir\u00eb se kaq.<\/em><\/p>\n<p><em>\u00c7do vendim do dal\u00eb si rrjedhoj\u00eb e nj\u00eb procesi gjyq\u00ebsor.\u00a0Zoti Berisha k\u00ebt\u00eb po k\u00ebrkon, duke e filluar rrug\u00ebn e vet\u00a0n\u00eb mbrojtje t\u00eb dinjitetit. Kjo ishte gj\u00ebja m\u00eb dobiprur\u00ebse p\u00ebr Shqip\u00ebrin\u00eb dhe opozit\u00ebn\u2019<\/em>, shprehet Bejtja.<\/p>\n<p>&nbsp;<\/p>","protected":false},"excerpt":{"rendered":"<p>Drejtori i Informacionit n\u00eb SYRI TV, Andi Bejtja, ka komentuar vendimin e fundit t\u00eb ish-kryeministrit Sali Berisha, p\u00ebr t\u00eb paditur p\u00ebr shpifje n\u00eb gjykat\u00ebn e Franc\u00ebs, Sekretarin e Shtetit t\u00eb SHBA, Antony\u00a0Blinken. Sipas Bejtjes, Berisha ka guxuar s\u00ebrish duke hapur nj\u00eb proces t\u00eb pabarabart\u00eb, por duke respektuar nderin e t\u00eb gjith\u00eb shqiptar\u00ebve. \u2018Ishte nj\u00eb vendim [&hellip;]<\/p>\n","protected":false},"author":2016,"featured_media":183652,"comment_status":"closed","ping_status":"closed","sticky":false,"template":"","format":"standard","meta":{"footnotes":""},"categories":[241],"tags":[1528],"class_list":{"0":"post-183650","1":"post","2":"type-post","3":"status-publish","4":"format-standard","5":"has-post-thumbnail","7":"category-aktualitet","8":"tag-lajme-zjarr-flet-andi-bejtja-zjarr-tv"},"_links":{"self":[{"href":"https:\/\/zjarr.tv\/en\/wp-json\/wp\/v2\/posts\/183650","targetHints":{"allow":["GET"]}}],"collection":[{"href":"https:\/\/zjarr.tv\/en\/wp-json\/wp\/v2\/posts"}],"about":[{"href":"https:\/\/zjarr.tv\/en\/wp-json\/wp\/v2\/types\/post"}],"author":[{"embeddable":true,"href":"https:\/\/zjarr.tv\/en\/wp-json\/wp\/v2\/users\/2016"}],"replies":[{"embeddable":true,"href":"https:\/\/zjarr.tv\/en\/wp-json\/wp\/v2\/comments?post=183650"}],"version-history":[{"count":0,"href":"https:\/\/zjarr.tv\/en\/wp-json\/wp\/v2\/posts\/183650\/revisions"}],"wp:featuredmedia":[{"embeddable":true,"href":"https:\/\/zjarr.tv\/en\/wp-json\/wp\/v2\/media\/183652"}],"wp:attachment":[{"href":"https:\/\/zjarr.tv\/en\/wp-json\/wp\/v2\/media?parent=183650"}],"wp:term":[{"taxonomy":"category","embeddable":true,"href":"https:\/\/zjarr.tv\/en\/wp-json\/wp\/v2\/categories?post=183650"},{"taxonomy":"post_tag","embeddable":true,"href":"https:\/\/zjarr.tv\/en\/wp-json\/wp\/v2\/tags?post=183650"}],"curies":[{"name":"wp","href":"https:\/\/api.w.org\/{rel}","templated":true}]}}