{"id":183656,"date":"2021-05-21T07:43:15","date_gmt":"2021-05-21T05:43:15","guid":{"rendered":"https:\/\/zjarr.tv\/?p=183656"},"modified":"2021-05-21T07:43:15","modified_gmt":"2021-05-21T05:43:15","slug":"anxhela-peristeri-shperthyese-si-vete-zeri-i-saj-elektrizon-skenen-e-eurovision","status":"publish","type":"post","link":"https:\/\/zjarr.tv\/en\/anxhela-peristeri-shperthyese-si-vete-zeri-i-saj-elektrizon-skenen-e-eurovision\/","title":{"rendered":"Anxhela Peristeri shp\u00ebrthyese si vet\u00eb z\u00ebri i saj, elektrizon sken\u00ebn e Eurovision\u2026"},"content":{"rendered":"<p style=\"margin-top: 0in; background: white;\"><span style=\"color: #212529;\">K\u00ebng\u00ebtarja Anxhela Peristeri, interpretoi mbr\u00ebmjen e djeshme n\u00eb gjysm\u00ebfinalen e dyt\u00eb t\u00eb \u201cEurovision\u201d, ku dhuroi nj\u00eb performanc\u00eb t\u00eb shk\u00eblqyer. Me nj\u00eb z\u00eb dhe interpretim mbres\u00ebl\u00ebn\u00ebs, k\u00ebng\u00ebtarja k\u00ebndoi \u201cKarm\u00ebn\u201d dhe magjepsi audienc\u00ebn televizive nga Roterdami.<\/span><\/p>\n<p style=\"margin-top: 0in; background: white;\"><span style=\"color: #212529;\">Me paraqitjen ku \u00e7do gj\u00eb ishte n\u00eb nivel, nga z\u00ebri tek imazhi, Anxhela elektrizoi sken\u00ebn e madhe dhe fitoi duartrokitjet e ngrohta t\u00eb spektator\u00ebve. Efektet dhe vet\u00eb skena ishte absolutisht e shk\u00eblqyer. Kjo \u00ebsht\u00eb nj\u00eb balad\u00eb, n\u00eb sinkron me veshjen e argjendt\u00eb t\u00eb Anxhel\u00ebs, q\u00eb ishte po aq p\u00ebrrallore sa vokali i saj. Anxhela Peristeri, arriti t\u00eb triumfoj\u00eb dhe t\u00eb prek\u00eb finale e madhe, ku do t\u00eb mbahet n\u00eb daten 22 Maj.<\/span><\/p>","protected":false},"excerpt":{"rendered":"<p>K\u00ebng\u00ebtarja Anxhela Peristeri, interpretoi mbr\u00ebmjen e djeshme n\u00eb gjysm\u00ebfinalen e dyt\u00eb t\u00eb \u201cEurovision\u201d, ku dhuroi nj\u00eb performanc\u00eb t\u00eb shk\u00eblqyer. Me nj\u00eb z\u00eb dhe interpretim mbres\u00ebl\u00ebn\u00ebs, k\u00ebng\u00ebtarja k\u00ebndoi \u201cKarm\u00ebn\u201d dhe magjepsi audienc\u00ebn televizive nga Roterdami. Me paraqitjen ku \u00e7do gj\u00eb ishte n\u00eb nivel, nga z\u00ebri tek imazhi, Anxhela elektrizoi sken\u00ebn e madhe dhe fitoi duartrokitjet e [&hellip;]<\/p>\n","protected":false},"author":2016,"featured_media":183658,"comment_status":"closed","ping_status":"closed","sticky":false,"template":"","format":"standard","meta":{"footnotes":""},"categories":[241,337],"tags":[3189],"class_list":{"0":"post-183656","1":"post","2":"type-post","3":"status-publish","4":"format-standard","5":"has-post-thumbnail","7":"category-aktualitet","8":"category-kulture","9":"tag-lajme-zjarr-anxhela-elektrizon-skenen-e-eurovision-zjarr-tv"},"_links":{"self":[{"href":"https:\/\/zjarr.tv\/en\/wp-json\/wp\/v2\/posts\/183656","targetHints":{"allow":["GET"]}}],"collection":[{"href":"https:\/\/zjarr.tv\/en\/wp-json\/wp\/v2\/posts"}],"about":[{"href":"https:\/\/zjarr.tv\/en\/wp-json\/wp\/v2\/types\/post"}],"author":[{"embeddable":true,"href":"https:\/\/zjarr.tv\/en\/wp-json\/wp\/v2\/users\/2016"}],"replies":[{"embeddable":true,"href":"https:\/\/zjarr.tv\/en\/wp-json\/wp\/v2\/comments?post=183656"}],"version-history":[{"count":0,"href":"https:\/\/zjarr.tv\/en\/wp-json\/wp\/v2\/posts\/183656\/revisions"}],"wp:featuredmedia":[{"embeddable":true,"href":"https:\/\/zjarr.tv\/en\/wp-json\/wp\/v2\/media\/183658"}],"wp:attachment":[{"href":"https:\/\/zjarr.tv\/en\/wp-json\/wp\/v2\/media?parent=183656"}],"wp:term":[{"taxonomy":"category","embeddable":true,"href":"https:\/\/zjarr.tv\/en\/wp-json\/wp\/v2\/categories?post=183656"},{"taxonomy":"post_tag","embeddable":true,"href":"https:\/\/zjarr.tv\/en\/wp-json\/wp\/v2\/tags?post=183656"}],"curies":[{"name":"wp","href":"https:\/\/api.w.org\/{rel}","templated":true}]}}