{"id":183659,"date":"2021-05-21T07:52:14","date_gmt":"2021-05-21T05:52:14","guid":{"rendered":"https:\/\/zjarr.tv\/?p=183659"},"modified":"2021-05-21T07:52:14","modified_gmt":"2021-05-21T05:52:14","slug":"berisha-non-grata-agron-gjekmarkaj-lajm-i-keq-per-shqiperine-eshte-politikani-me-pro-amerikan-ne-hapesiren-shqiptare","status":"publish","type":"post","link":"https:\/\/zjarr.tv\/en\/berisha-non-grata-agron-gjekmarkaj-lajm-i-keq-per-shqiperine-eshte-politikani-me-pro-amerikan-ne-hapesiren-shqiptare\/","title":{"rendered":"Berisha Non grata\/ Agron Gjekmarkaj: Lajm i keq p\u00ebr Shqip\u00ebrin\u00eb, \u00ebsht\u00eb politikani m\u00eb pro amerikan n\u00eb hap\u00ebsir\u00ebn shqiptare\u2026"},"content":{"rendered":"<p>Deputeti fitues n\u00eb zgjedhjet e 25 prillit Agron Gjekmarkaj, ishte i ftuar n\u00eb rubrik\u00ebn \u201cOpinion\u201d n\u00eb \u201cNews24\u201d, duke folur p\u00ebr shpalljen non grata t\u00eb ish-kryeministrit Sali Berisha nga DASH, deklaroi se ky \u00ebsht\u00eb nj\u00eb lajm i keq p\u00ebr Shqip\u00ebrin\u00eb. Gjekmarkaj vler\u00ebsoi se Berisha \u00ebsht\u00eb simbol i liris\u00eb dhe pluralizmit shqiptar, duke shtuar se ish-kreu i qeveris\u00eb, \u00ebsht\u00eb politikani m\u00eb pro amerikan n\u00eb hap\u00ebsir\u00ebn shqiptare.<\/p>\n<p>\u201cUn\u00eb mendoj se nj\u00eb kongresmen amerikan, besoj se ka aspirat\u00eb lirin\u00eb e fjal\u00ebs. Si deputet, e kam nj\u00eb mendim q\u00eb do e ndaj n\u00eb k\u00ebt\u00eb studio. Ajo q\u00eb ka ndodhur dje \u00ebsht\u00eb lajm i keq p\u00ebr Shqip\u00ebrin\u00eb. Kjo sepse Berisha \u00ebsht\u00eb simbol i liris\u00eb dhe pluralizmit p\u00ebr shqiptar\u00ebt. Edhe sot m\u00eb rezulton se Berisha \u00ebsht\u00eb lider pro amerikan, madje p\u00ebr t\u00eb th\u00ebn\u00eb m\u00eb pro amerikani n\u00eb vend e n\u00eb rajon.<\/p>\n<p>Personalisht, mendoj se PD \u00ebsht\u00eb parti pro amerikane. Sali Berisha i priu nj\u00eb revolucioni demokratik n\u00eb Shqip\u00ebri dhe ka qen\u00eb mik i presidentit amerikan. U prit si askush tjet\u00ebr n\u00eb Amerik\u00eb dhe priti me madh\u00ebshti Bushin n\u00eb Shqip\u00ebri, Sali Berisha \u00ebsht\u00eb njeriu i integrimeve, ka marr\u00eb vler\u00ebsime t\u00eb r\u00ebnd\u00ebsishme edhe nga administrata amerikane. Berisha nuk \u00ebsht\u00eb model i politikanit t\u00eb korruptuar. Mund t\u00eb ket\u00eb pasur njer\u00ebz, q\u00eb kan\u00eb qen\u00eb pran\u00eb Berish\u00ebs dhe kan\u00eb p\u00ebrfituar. Rrufeja bie mbi lisat e gjat\u00eb \u00ebsht\u00eb nj\u00eb shprehje popullore e shqiptar\u00ebve dhe ky \u00ebsht\u00eb rasti ku shprehja gjen vend. Un\u00eb kam respekt p\u00ebr Berish\u00ebn, nuk e fsheh k\u00ebt\u00eb, kjo m\u00eb b\u00ebn edhe pro amerikan\u201d, tha Gjerkmarkaj.<\/p>\n<p>Agron Gjekmarkaj vler\u00ebsoi se Berisha ka thjesht rol dekorativ n\u00eb PD dhe jo kryesor, si\u00e7 thuhet nga kund\u00ebrshtar\u00ebt e tij politik\u00eb. Ai shtoi se zgjedhjet e 25 prillit u vodh\u00ebn.<\/p>\n<p>\u201cN\u00eb koh\u00ebn q\u00eb Berisha ishte n\u00eb pushtet, Kosova u shpall e pavarur. Berisha \u00ebsht\u00eb quajtur burr\u00eb shteti nga ana e shum\u00eb amerikan\u00ebve q\u00eb sh\u00ebrbejn\u00eb n\u00eb vendin ton\u00eb. M\u00eb her\u00ebt, nuk ka pasur asnj\u00eb akuz\u00eb ndaj Berish\u00ebs nga ana e SHBA. Kjo m\u00eb krijon konfuzion n\u00eb arsyetim. Un\u00eb mendoj se kryetari i PD-s\u00eb \u00ebsht\u00eb Basha. Berisha ka rol dekorativ n\u00eb PD. Kjo \u00ebsht\u00eb ngjarje e r\u00ebnd\u00eb dhe duhet t\u00eb reflektojm\u00eb e t\u00eb kuptojm\u00eb pse ndodhi. Po t\u00eb kthehemi tek 25 prilli, jan\u00eb zgjedhje t\u00eb vjedhura, t\u00eb manipuluara nga inxhinieri elektronike. \u00c7do gj\u00eb n\u00eb Shqip\u00ebri tanim\u00eb kontrollohet nga nj\u00eb dor\u00eb. Sali Berisha k\u00ebrkoi transparenc\u00eb p\u00ebr rastin ku akuzohet dhe ky \u00ebsht\u00eb guxim. Shoq\u00ebria shqiptare meriton transparence p\u00ebr \u00e7\u00ebshtjen\u201d, deklaroi Gjekmarkaj. N\u00eb fund, Gjekmarkaj tha se ka pasur abuzime edhe nga ministrat e Berish\u00ebs, duke shtuar se shpesh besnik\u00ebt jan\u00eb tradhtar\u00ebt m\u00eb t\u00eb m\u00ebdhenj. \u201cUn\u00eb mund ta them se ka pasur shkelje edhe nga ministra t\u00eb Berish\u00ebs. Ka nj\u00eb pjes\u00eb q\u00eb b\u00ebjn\u00eb frikacakun e fshihen si skuth\u00eb. Historia shqiptare po nxjerr n\u00eb drit\u00eb se besnik\u00ebt e Berish\u00ebs, Ram\u00ebs, Bash\u00ebs jan\u00eb tradhtar\u00ebt m\u00eb t\u00eb m\u00ebdhenj\u201d, p\u00ebrmbylli Gjekmarkaj.<\/p>\n<p>&nbsp;<\/p>\n<p>&nbsp;<\/p>","protected":false},"excerpt":{"rendered":"<p>Deputeti fitues n\u00eb zgjedhjet e 25 prillit Agron Gjekmarkaj, ishte i ftuar n\u00eb rubrik\u00ebn \u201cOpinion\u201d n\u00eb \u201cNews24\u201d, duke folur p\u00ebr shpalljen non grata t\u00eb ish-kryeministrit Sali Berisha nga DASH, deklaroi se ky \u00ebsht\u00eb nj\u00eb lajm i keq p\u00ebr Shqip\u00ebrin\u00eb. Gjekmarkaj vler\u00ebsoi se Berisha \u00ebsht\u00eb simbol i liris\u00eb dhe pluralizmit shqiptar, duke shtuar se ish-kreu i [&hellip;]<\/p>\n","protected":false},"author":2016,"featured_media":183661,"comment_status":"closed","ping_status":"closed","sticky":false,"template":"","format":"standard","meta":{"footnotes":""},"categories":[241,1454],"tags":[3190],"class_list":{"0":"post-183659","1":"post","2":"type-post","3":"status-publish","4":"format-standard","5":"has-post-thumbnail","7":"category-aktualitet","8":"category-politike","9":"tag-lajme-zjarr-agron-gjekmarkaj-flet-per-berishen-zjarr-tv"},"_links":{"self":[{"href":"https:\/\/zjarr.tv\/en\/wp-json\/wp\/v2\/posts\/183659","targetHints":{"allow":["GET"]}}],"collection":[{"href":"https:\/\/zjarr.tv\/en\/wp-json\/wp\/v2\/posts"}],"about":[{"href":"https:\/\/zjarr.tv\/en\/wp-json\/wp\/v2\/types\/post"}],"author":[{"embeddable":true,"href":"https:\/\/zjarr.tv\/en\/wp-json\/wp\/v2\/users\/2016"}],"replies":[{"embeddable":true,"href":"https:\/\/zjarr.tv\/en\/wp-json\/wp\/v2\/comments?post=183659"}],"version-history":[{"count":0,"href":"https:\/\/zjarr.tv\/en\/wp-json\/wp\/v2\/posts\/183659\/revisions"}],"wp:featuredmedia":[{"embeddable":true,"href":"https:\/\/zjarr.tv\/en\/wp-json\/wp\/v2\/media\/183661"}],"wp:attachment":[{"href":"https:\/\/zjarr.tv\/en\/wp-json\/wp\/v2\/media?parent=183659"}],"wp:term":[{"taxonomy":"category","embeddable":true,"href":"https:\/\/zjarr.tv\/en\/wp-json\/wp\/v2\/categories?post=183659"},{"taxonomy":"post_tag","embeddable":true,"href":"https:\/\/zjarr.tv\/en\/wp-json\/wp\/v2\/tags?post=183659"}],"curies":[{"name":"wp","href":"https:\/\/api.w.org\/{rel}","templated":true}]}}