{"id":183662,"date":"2021-05-21T08:02:16","date_gmt":"2021-05-21T06:02:16","guid":{"rendered":"https:\/\/zjarr.tv\/?p=183662"},"modified":"2021-05-21T08:02:16","modified_gmt":"2021-05-21T06:02:16","slug":"artan-hoxha-pas-deklarates-se-berishes-mshoji-bac-e-ki-mire-nuk-zhgenjen-kurre","status":"publish","type":"post","link":"https:\/\/zjarr.tv\/en\/artan-hoxha-pas-deklarates-se-berishes-mshoji-bac-e-ki-mire-nuk-zhgenjen-kurre\/","title":{"rendered":"Artan Hoxha pas deklarat\u00ebs s\u00eb Berish\u00ebs: Mshoji bac, e ki mir\u00eb, nuk zhg\u00ebnjen kurr\u00eb\u2026"},"content":{"rendered":"<p style=\"margin-top: 0in; background: white;\"><span style=\"color: #212529;\">Gazetari Artan Hoxha, ka komentuar deklarat\u00ebn e ish-kryeministrit Sali Berisha, p\u00ebr t\u00eb hedhur n\u00eb gjyq Antony Blinken p\u00ebr shpifje. Hoxha shprehet se Berisha nuk zhg\u00ebnjen kurr\u00eb.<\/span><\/p>\n<p style=\"margin-top: 0in; background: white; box-sizing: border-box; margin-bottom: 1rem; font-variant-ligatures: normal; font-variant-caps: normal; orphans: 2; widows: 2; -webkit-text-stroke-width: 0px; text-decoration-thickness: initial; text-decoration-style: initial; text-decoration-color: initial; word-spacing: 0px;\"><em style=\"box-sizing: border-box;\"><span style=\"color: #212529;\">\u201cNuk te zhgenjen kurre\u2026 Hedh ne gjyq per shpifje, Sekretarin e Shtetit te Shteteve te Bashkuara te Amerikes, ne nje gjykate ne Paris, njeriu qe nuk pranuar kurre te deshmoje para nje gjykate shqiptare\u2026<\/span><\/em><\/p>\n<p style=\"margin-top: 0in; background: white; box-sizing: border-box; margin-bottom: 1rem; font-variant-ligatures: normal; font-variant-caps: normal; orphans: 2; widows: 2; -webkit-text-stroke-width: 0px; text-decoration-thickness: initial; text-decoration-style: initial; text-decoration-color: initial; word-spacing: 0px;\"><em style=\"box-sizing: border-box;\"><span style=\"color: #212529;\">Kerkon prova nga SHBA, njeriu, qe akuzon dhe shpif \u00e7do dite, i fshehur pas \u201cqytetarit dixhital\u201d dhe perbalt \u00e7do kend ne kete vend, pa publikuar kurre as proven me te vogel\u2026<\/span><\/em><\/p>\n<p style=\"margin-top: 0in; background: white; box-sizing: border-box; margin-bottom: 1rem; font-variant-ligatures: normal; font-variant-caps: normal; orphans: 2; widows: 2; -webkit-text-stroke-width: 0px; text-decoration-thickness: initial; text-decoration-style: initial; text-decoration-color: initial; word-spacing: 0px;\"><em style=\"box-sizing: border-box;\"><span style=\"color: #212529;\">\u00a0Ne bajrakun e Gashit, nga vjen dhe Berisha, ka nje shprehje: \u201cMshoji bac, e ki mire\u201d\u2026.\u201d,<\/span><\/em><span style=\"color: #212529;\">\u00a0shkruan Artan Hoxha.<\/span><\/p>","protected":false},"excerpt":{"rendered":"<p>Gazetari Artan Hoxha, ka komentuar deklarat\u00ebn e ish-kryeministrit Sali Berisha, p\u00ebr t\u00eb hedhur n\u00eb gjyq Antony Blinken p\u00ebr shpifje. Hoxha shprehet se Berisha nuk zhg\u00ebnjen kurr\u00eb. \u201cNuk te zhgenjen kurre\u2026 Hedh ne gjyq per shpifje, Sekretarin e Shtetit te Shteteve te Bashkuara te Amerikes, ne nje gjykate ne Paris, njeriu qe nuk pranuar kurre te [&hellip;]<\/p>\n","protected":false},"author":2016,"featured_media":183664,"comment_status":"closed","ping_status":"closed","sticky":false,"template":"","format":"standard","meta":{"footnotes":""},"categories":[241],"tags":[3191],"class_list":{"0":"post-183662","1":"post","2":"type-post","3":"status-publish","4":"format-standard","5":"has-post-thumbnail","7":"category-aktualitet","8":"tag-lajme-zjarr-artan-hoxha-per-berishen-mshoji-bac-zjarr-tv"},"_links":{"self":[{"href":"https:\/\/zjarr.tv\/en\/wp-json\/wp\/v2\/posts\/183662","targetHints":{"allow":["GET"]}}],"collection":[{"href":"https:\/\/zjarr.tv\/en\/wp-json\/wp\/v2\/posts"}],"about":[{"href":"https:\/\/zjarr.tv\/en\/wp-json\/wp\/v2\/types\/post"}],"author":[{"embeddable":true,"href":"https:\/\/zjarr.tv\/en\/wp-json\/wp\/v2\/users\/2016"}],"replies":[{"embeddable":true,"href":"https:\/\/zjarr.tv\/en\/wp-json\/wp\/v2\/comments?post=183662"}],"version-history":[{"count":0,"href":"https:\/\/zjarr.tv\/en\/wp-json\/wp\/v2\/posts\/183662\/revisions"}],"wp:featuredmedia":[{"embeddable":true,"href":"https:\/\/zjarr.tv\/en\/wp-json\/wp\/v2\/media\/183664"}],"wp:attachment":[{"href":"https:\/\/zjarr.tv\/en\/wp-json\/wp\/v2\/media?parent=183662"}],"wp:term":[{"taxonomy":"category","embeddable":true,"href":"https:\/\/zjarr.tv\/en\/wp-json\/wp\/v2\/categories?post=183662"},{"taxonomy":"post_tag","embeddable":true,"href":"https:\/\/zjarr.tv\/en\/wp-json\/wp\/v2\/tags?post=183662"}],"curies":[{"name":"wp","href":"https:\/\/api.w.org\/{rel}","templated":true}]}}