{"id":183665,"date":"2021-05-21T08:15:57","date_gmt":"2021-05-21T06:15:57","guid":{"rendered":"https:\/\/zjarr.tv\/?p=183665"},"modified":"2021-05-21T08:15:57","modified_gmt":"2021-05-21T06:15:57","slug":"nga-ndricim-mehmeti-mos-kerkoni-demokraci-e-as-vote-te-lire-thoni-shyqyr-qe-jeni-gjalle","status":"publish","type":"post","link":"https:\/\/zjarr.tv\/en\/nga-ndricim-mehmeti-mos-kerkoni-demokraci-e-as-vote-te-lire-thoni-shyqyr-qe-jeni-gjalle\/","title":{"rendered":"Nga Ndri\u00e7im Mehmeti: Mos k\u00ebrkoni demokraci e as vot\u00eb t\u00eb lir\u00eb, \u201cthoni shyqyr q\u00eb jeni gjall\u00eb\u201d"},"content":{"rendered":"<p>Demokrat\u00eb, apolitik\u00eb, LSI-sta, pa parti, me parti, t\u00eb majt\u00eb e t\u00eb djatht\u00eb, mos k\u00ebrkoni demokraci. Un\u00eb mendoj se tani m\u00eb shum\u00eb se kurr\u00eb nuk ju duhet m\u00eb dhe nuk ka p\u00ebrse t\u2019ju duhet n\u00eb t\u00eb ardhmen. Madje as votime (se zgjedhje ka koh\u00eb q\u00eb nuk marrim pjes\u00eb), nuk duhet t\u00eb ket\u00eb m\u00eb. Nuk kan\u00eb se \u00e7far\u00eb na duhen. Na u desh\u00ebn jo shum\u00eb, por 30 vite t\u00eb rigjejm\u00eb udh\u00ebheq\u00ebsin legjendar, t\u00eb pagabueshmin, liderin e pamat n\u00eb gjat\u00ebsi, gjer\u00ebsi, thell\u00ebsi, n\u00eb koh\u00eb e hap\u00ebsir\u00eb. Ne nuk do t\u00eb ishim gj\u00eb pa t\u00eb, nd\u00ebrsa at\u00eb e ka z\u00ebn\u00eb kokrra e belas\u00eb me ne.<\/p>\n<p><strong>Prandaj un\u00eb mendoj t\u00eb themi shyqyr q\u00eb jemi gjall\u00eb se demokracia na la sh\u00ebnden\u00eb<\/strong><\/p>\n<p>Gdhihemi e erremi e shohim me syt\u00eb tona mrekullit\u00eb p\u00ebrreth. Sheshi \u201cSk\u00ebnderbej\u201d, i mbushur plot me pensionist e pensioniste mbi 70 vje\u00e7, q\u00eb presin me g\u00ebzim t\u00eb madh q\u00eb t\u00eb b\u00ebjn\u00eb vaksin\u00ebn. Plakat me thinja t\u00eb bardha t\u00eb cilat sapo kan\u00eb b\u00ebr\u00eb vaksin\u00ebn, vrapojn\u00eb drejt kamer\u00ebs, e me ngaz\u00ebllim rr\u00ebfehen: \u201cShyqyr q\u00eb kemi k\u00ebt\u00eb kryeminist\u00ebr q\u00eb na sh\u00ebroj dhe pa b\u00ebr\u00eb vaksin\u00ebn. Mjafton q\u00eb na ngriti dor\u00ebn e tij t\u00eb shenjt\u00eb e na p\u00ebrsh\u00ebndeti, tek rrinim e prisnim n\u00ebn rrezet p\u00ebrv\u00ebluese t\u00eb diellit\u201d. Bujqit n\u00eb fshat jan\u00eb akoma m\u00eb t\u00eb lumtur. Kishin 4 vite q\u00eb prisnim at\u00eb t\u00eb flamosur naft\u00eb me \u00e7mim t\u00eb ul\u00ebt por m\u00eb n\u00eb fund 1 dit\u00eb p\u00ebrpara votimeve t\u00eb 25 prillit, tring\u00eblliu zilja: \u201cAlo Myftar, ti je. Thuaj Zeqos, Halos, Luftarit dhe Mahmutit, q\u00eb me fis e me far\u00eb, t\u00eb gdhijn\u00eb n\u00eb zurat e shoqat\u00ebs s\u00eb bujq\u00ebsis\u00eb se kan\u00eb p\u00ebr t\u00eb marr\u00eb tallona falas nga Hyqymeti. N\u00eb fund pasi t\u00eb mbaroni pun\u00eb, prisni t\u00eb vijn\u00eb televizionet e me radh\u00eb fal\u00ebnderoni p\u00ebr gjith\u00e7ka shokun Edi\u201d.<\/p>\n<p>Infermieret u lumturuan aq shum\u00eb, saq\u00eb b\u00ebn me mundin, djers\u00ebn, intelektin e tyre, disa dit\u00eb pa gjum\u00eb q\u00eb t\u00eb endnin n\u00eb avl\u00ebmend nj\u00eb triko e nj\u00eb pal\u00eb \u00e7orape, p\u00ebr Komandantin, p\u00ebr dimrin tjet\u00ebr, se helbete, nj\u00eb vit m\u00eb i madh e i ftohen k\u00ebmb\u00ebt, ngaq\u00eb e ka zakon q\u00eb rri xathur sepse e ka mendjen tek hallet e popullit. M\u00ebsuesit plot k\u00ebnaq\u00ebsi, do t\u00eb ngrihen si nj\u00eb trup o i vet\u00ebm e ti falin rrog\u00ebn q\u00eb jua rriti, pa\u00e7ka se ka disa grindavec\u00eb e buk\u00ebshkelur q\u00eb thon\u00eb se medemek, Komandanti ua menderosi pag\u00ebn dhe ua uli s\u00ebrish. Gjith\u00eb kontrollor\u00ebt e aviacionit, q\u00eb marrin para me thas\u00eb e jo me torbe, do t\u00eb krijojn\u00eb nj\u00eb fond t\u00eb ve\u00e7ant\u00eb t\u00eb menaxhuar nga shoqja Balluku, p\u00ebr t\u00eb kontribuar n\u00eb realizmin e veprave t\u00eb shquara artistike t\u00eb Komandantit, p\u00ebr t\u2019i \u00e7uar m\u00eb pas n\u00eb sallonet m\u00eb t\u00eb bukura t\u00eb Evropit, q\u00eb t\u00eb marr\u00eb vesh gjith\u00eb dynjaja, se me \u00e7far\u00eb artisti ka t\u00eb b\u00ebj\u00eb e nuk ja din\u00eb kimetin. Fshatar\u00ebt q\u00eb kan\u00eb toka e q\u00eb jan\u00eb majmur kot m\u00eb kot, do t\u00eb ftohen t\u00eb japin gjysm\u00ebn e pasuris\u00eb, p\u00ebr t\u00eb nd\u00ebrtuar e rrjepur fondet q\u00eb do t\u00eb na vijn\u00eb p\u00ebr t\u00ebrmetin. N\u00ebse ka ndonj\u00eb q\u00eb kund\u00ebrshton, ta pyes\u00eb byth\u00ebn mir\u00eb, se me t\u00eb madhin nuk b\u00ebhet hajgare. Do ia jap\u00eb pa nj\u00eb pa dy, p\u00ebrndryshe, n\u00eb tok\u00ebn e tij, do t\u00eb kaloj\u00eb plani i hekurudh\u00ebs m\u00eb t\u00eb re t\u00eb Dubait dhe ia fshin t\u00eb gjitha sinor\u00ebt Komandanti, me nj\u00eb t\u00eb r\u00ebn\u00eb t\u00eb lapsit.<\/p>\n<p><strong>Mos harroni asnj\u00ebher\u00eb: B\u00ebni dua p\u00ebr sh\u00ebndetin dhe q\u00eb ende nuk ju kan\u00eb marr\u00eb sht\u00ebpin\u00eb. <\/strong>Ndonj\u00eb nga ju do t\u00eb thot\u00eb: \u201cE pse e tepron kaq shum\u00eb o njeri. \u00c7\u2018pun\u00eb ka i madhi me sht\u00ebpit\u00eb tona\u201d. Ka or mik si s\u2019ka. Do t\u00eb vijn\u00eb v\u00ebllez\u00ebrit tan\u00eb nga Pakistani, Xhibuti dhe Bangladeshi, p\u00ebr t\u00eb dh\u00ebn\u00eb eksperienc\u00ebn e tyre t\u00eb vyer, si murator\u00eb, kuzhinier\u00eb, ekskavatorist, ndihm\u00ebs-kontrollor i trafikut ajror e me radh\u00eb. Ku ti strehojm\u00eb q\u00eb ta shijojn\u00eb m\u00eb mir\u00eb qytetin? Pastaj e keni harruar bujarin\u00eb shqiptare, sipas shprehjes: \u201cSht\u00ebpia e shqiptarit \u00ebsht\u00eb e mikut dhe e Komandantit\u201d, t\u00eb tjer\u00ebt mbeten pronar n\u00eb let\u00ebr. K\u00ebshtu q\u00eb nuk \u00ebsht\u00eb keq t\u00eb g\u00ebzojm\u00eb sh\u00ebnden\u00eb n\u00eb radh\u00eb t\u00eb par\u00eb, e t\u00eb themi shyqyr q\u00eb kemi k\u00ebt\u00eb cop\u00eb sht\u00ebpi. A kemi miell n\u00eb magje, vaj e krip\u00eb. Ani nuk ka problem o mik. P\u00ebr k\u00ebt\u00eb mendojn\u00eb patronazhist\u00ebt tan\u00eb, q\u00eb nuk do t\u00eb na l\u00ebn\u00eb t\u00eb mbetemi ashtu jetim. Do t\u00eb furnizojn\u00eb dyqanin e lagjes me blloqe e fletore me t\u00eb trasha, q\u00eb secili t\u00eb ket\u00eb qitapin e tij t\u00eb borxheve p\u00ebr ushqim. Mos e visni mendjen fare p\u00ebr gj\u00eb tjet\u00ebr, zgjedhje t\u00eb lira, demokraci, arsim, sh\u00ebndet\u00ebsi, mir\u00ebqenia ekonomike, jan\u00eb fjal\u00eb q\u00eb i ka shpikur borgjezia per\u00ebndimore p\u00ebr t\u00eb na trullosur e t\u00eb mos shohim t\u00eb mir\u00ebn q\u00eb kemi tek dera. Mos u merrni o v\u00ebllez\u00ebr me shoq\u00ebrit\u00eb q\u00eb jan\u00eb n\u00eb r\u00ebnie, n\u00eb varf\u00ebri, (si p.sh n\u00eb Gjermani) q\u00eb nuk din\u00eb as t\u00eb vaksinojn\u00eb popullin, as t\u00eb ushqejn\u00eb qeveritar\u00ebt e t\u00eb pasurit me qum\u00ebsht dall\u00ebndyshe, e as t\u00eb punojn\u00eb sa ne t\u00eb varfrit q\u00eb na bie kurrizi, prej m\u00ebngjesit e deri n\u00eb dark\u00eb, p\u00ebr nj\u00eb kothere buk\u00eb me pak gjiz\u00eb e qep\u00eb.<\/p>\n<p>Prandaj njer\u00ebz, kjo \u00ebsht\u00eb thirrja e fundit: Rrini rehat n\u00eb sht\u00ebpit\u00eb tuaja. B\u00ebni dua q\u00eb jeni gjall\u00eb. Mos shikoni televizione, lexoni gazeta, a njer\u00ebz q\u00eb flasin kot m\u00eb kot. T\u00eb gjith\u00eb duan t\u2019ju helmojn\u00eb, se gjoja na mungon demokracia, po na marrin t\u00eb drejta e lirit\u00eb tona, po rritet nafta, e po shtrenjtoht uji. Jo! Jan\u00eb t\u00eb gjitha g\u00ebnjeshtar t\u00eb pacipa. Jemi t\u00eb lumtur sa nuk ka m\u00eb, kemi nj\u00eb qeveri q\u00eb na i ka zili, Evropa, Azia, Amerika dhe nj\u00eb pjes\u00eb e shkret\u00ebtir\u00ebs subsahariane. Kemi sht\u00ebpi, na mbaruan vaksinat, kemi uj\u00eb 4 or\u00eb m\u00eb dit\u00eb, nuk kemi drita me raste, dhe as mund\u00ebsi ku t\u00eb luajn\u00eb f\u00ebmij\u00ebt n\u00eb lagje. Po p\u00ebrse na duhen xhan\u00ebm, kur kemi sh\u00ebnden\u00eb e numrin n\u00eb vend, si\u00e7 thoshin t\u00eb par\u00ebt. Ndaj ju them: Ngrihuni \u00e7do m\u00ebngjes, shtriquni e hidhni nj\u00eb uj\u00eb syve dhe pastaj ende pa ngr\u00ebn\u00eb buk\u00eb me \u00e7aj e djath\u00eb, b\u00ebni duan e ve\u00e7ant\u00eb p\u00ebr Komandantin dhe xhinsin e tij kudo q\u00eb jan\u00eb. Aferim o i madh\u00ebrish\u00ebm Komandant, q\u00eb nuk na le asnj\u00eb rast t\u00eb mendojm\u00eb p\u00ebr veten, por t\u00eb lutemi t\u00eb t\u00eb kemi me jet\u00eb, se na je b\u00ebr\u00eb n\u00ebn\u00eb e bab\u00eb, t\u00eb kemi n\u00eb \u00e7do k\u00ebnd e rr\u00ebz\u00eb t\u00eb sht\u00ebpis\u00eb, p\u00ebrfshi edhe krevatin ku flem\u00eb, se n\u00eb \u00ebnd\u00ebrr na del ve\u00e7 ti. H\u00eb si thoni tani ju b\u00ebn m\u00eb pun\u00eb demokracia, liria, dinjiteti, humanizmi dhe prosperiteti?<\/p>\n<p>&nbsp;<\/p>","protected":false},"excerpt":{"rendered":"<p>Demokrat\u00eb, apolitik\u00eb, LSI-sta, pa parti, me parti, t\u00eb majt\u00eb e t\u00eb djatht\u00eb, mos k\u00ebrkoni demokraci. Un\u00eb mendoj se tani m\u00eb shum\u00eb se kurr\u00eb nuk ju duhet m\u00eb dhe nuk ka p\u00ebrse t\u2019ju duhet n\u00eb t\u00eb ardhmen. Madje as votime (se zgjedhje ka koh\u00eb q\u00eb nuk marrim pjes\u00eb), nuk duhet t\u00eb ket\u00eb m\u00eb. Nuk kan\u00eb se [&hellip;]<\/p>\n","protected":false},"author":2016,"featured_media":183667,"comment_status":"closed","ping_status":"closed","sticky":false,"template":"","format":"standard","meta":{"footnotes":""},"categories":[241,364],"tags":[3192],"class_list":{"0":"post-183665","1":"post","2":"type-post","3":"status-publish","4":"format-standard","5":"has-post-thumbnail","7":"category-aktualitet","8":"category-koment-opinion","9":"tag-lajme-zjarr-ndricim-mehmeti-thoni-shyqyr-qe-jeni-gjalle-zjarr-tv"},"_links":{"self":[{"href":"https:\/\/zjarr.tv\/en\/wp-json\/wp\/v2\/posts\/183665","targetHints":{"allow":["GET"]}}],"collection":[{"href":"https:\/\/zjarr.tv\/en\/wp-json\/wp\/v2\/posts"}],"about":[{"href":"https:\/\/zjarr.tv\/en\/wp-json\/wp\/v2\/types\/post"}],"author":[{"embeddable":true,"href":"https:\/\/zjarr.tv\/en\/wp-json\/wp\/v2\/users\/2016"}],"replies":[{"embeddable":true,"href":"https:\/\/zjarr.tv\/en\/wp-json\/wp\/v2\/comments?post=183665"}],"version-history":[{"count":0,"href":"https:\/\/zjarr.tv\/en\/wp-json\/wp\/v2\/posts\/183665\/revisions"}],"wp:featuredmedia":[{"embeddable":true,"href":"https:\/\/zjarr.tv\/en\/wp-json\/wp\/v2\/media\/183667"}],"wp:attachment":[{"href":"https:\/\/zjarr.tv\/en\/wp-json\/wp\/v2\/media?parent=183665"}],"wp:term":[{"taxonomy":"category","embeddable":true,"href":"https:\/\/zjarr.tv\/en\/wp-json\/wp\/v2\/categories?post=183665"},{"taxonomy":"post_tag","embeddable":true,"href":"https:\/\/zjarr.tv\/en\/wp-json\/wp\/v2\/tags?post=183665"}],"curies":[{"name":"wp","href":"https:\/\/api.w.org\/{rel}","templated":true}]}}