{"id":183668,"date":"2021-05-21T08:29:34","date_gmt":"2021-05-21T06:29:34","guid":{"rendered":"https:\/\/zjarr.tv\/?p=183668"},"modified":"2021-05-21T08:29:34","modified_gmt":"2021-05-21T06:29:34","slug":"sali-berisha-vajza-ime-u-kthye-nga-kosova-me-1-milion-dollar","status":"publish","type":"post","link":"https:\/\/zjarr.tv\/en\/sali-berisha-vajza-ime-u-kthye-nga-kosova-me-1-milion-dollar\/","title":{"rendered":"Sali Berisha: Vajza ime u kthye nga Kosova me 1 milion dollar\u2026"},"content":{"rendered":"<p style=\"line-height: 17.65pt; vertical-align: baseline;\"><span style=\"color: #464343;\">Ish-kryeministri Sali Berisha, teksa u \u00ebsht\u00eb p\u00ebrgjigjur akuzave t\u00eb DASH, ngritur ndaj tij dhe familjes, duke i penguar hyrjen n\u00eb SHBA, Berisha ka mohuar n\u00eb m\u00ebnyr\u00eb kategorike q\u00eb ai dhe familjar\u00ebt e tij, t\u00eb jen\u00eb p\u00ebrfitues t\u00eb fondeve publike.<\/span><\/p>\n<p style=\"line-height: 17.65pt; vertical-align: baseline;\"><span style=\"color: #464343;\">Duke ju referuar vajz\u00ebs s\u00eb tij, Berisha tha se pas 7 viteve pun\u00eb n\u00eb Kosov\u00eb, ajo dhe bashk\u00ebshorti i saj, u\u00a0 kthyen me 1 milion\u00eb dollar\u00eb t\u00eb konfirmuar nga OKB.<\/span><\/p>\n<p style=\"line-height: 17.65pt; vertical-align: baseline;\"><span style=\"color: #464343;\">\u201cMarrim vajz\u00ebn K\u00ebtu, n\u00eb k\u00ebt\u00eb studio kur \u00ebsht\u00eb kthyer nga Kosova, kan\u00eb b\u00ebr\u00eb bilancin. Ata kan\u00eb punuar 7 vite n\u00eb Kosov\u00eb, n\u00eb pozicion t\u00eb mir\u00eb ajo dhe dh\u00ebndri. T\u00eb ardhurat 7 vje\u00e7are t\u00eb t\u00eb dyve, arrinin n\u00eb 1 milion e 400 mij\u00eb dollar\u00eb. Kishin shpenzuar 400 mij\u00eb dhe jan\u00eb kthyer\u00a0me 1 milion t\u00eb konfirmuara nga OKB\u201d, tha Berisha duke pohuar se f\u00ebmij\u00ebt e tij, nuk e kan\u00eb p\u00ebrdorur kurr\u00eb pushtetin e tij p\u00ebr influenca.<\/span><\/p>","protected":false},"excerpt":{"rendered":"<p>Ish-kryeministri Sali Berisha, teksa u \u00ebsht\u00eb p\u00ebrgjigjur akuzave t\u00eb DASH, ngritur ndaj tij dhe familjes, duke i penguar hyrjen n\u00eb SHBA, Berisha ka mohuar n\u00eb m\u00ebnyr\u00eb kategorike q\u00eb ai dhe familjar\u00ebt e tij, t\u00eb jen\u00eb p\u00ebrfitues t\u00eb fondeve publike. Duke ju referuar vajz\u00ebs s\u00eb tij, Berisha tha se pas 7 viteve pun\u00eb n\u00eb Kosov\u00eb, ajo [&hellip;]<\/p>\n","protected":false},"author":2016,"featured_media":183670,"comment_status":"closed","ping_status":"closed","sticky":false,"template":"","format":"standard","meta":{"footnotes":""},"categories":[241],"tags":[3193],"class_list":{"0":"post-183668","1":"post","2":"type-post","3":"status-publish","4":"format-standard","5":"has-post-thumbnail","7":"category-aktualitet","8":"tag-lajme-zjarr-flet-sali-berisha-zjarr-tv"},"_links":{"self":[{"href":"https:\/\/zjarr.tv\/en\/wp-json\/wp\/v2\/posts\/183668","targetHints":{"allow":["GET"]}}],"collection":[{"href":"https:\/\/zjarr.tv\/en\/wp-json\/wp\/v2\/posts"}],"about":[{"href":"https:\/\/zjarr.tv\/en\/wp-json\/wp\/v2\/types\/post"}],"author":[{"embeddable":true,"href":"https:\/\/zjarr.tv\/en\/wp-json\/wp\/v2\/users\/2016"}],"replies":[{"embeddable":true,"href":"https:\/\/zjarr.tv\/en\/wp-json\/wp\/v2\/comments?post=183668"}],"version-history":[{"count":0,"href":"https:\/\/zjarr.tv\/en\/wp-json\/wp\/v2\/posts\/183668\/revisions"}],"wp:featuredmedia":[{"embeddable":true,"href":"https:\/\/zjarr.tv\/en\/wp-json\/wp\/v2\/media\/183670"}],"wp:attachment":[{"href":"https:\/\/zjarr.tv\/en\/wp-json\/wp\/v2\/media?parent=183668"}],"wp:term":[{"taxonomy":"category","embeddable":true,"href":"https:\/\/zjarr.tv\/en\/wp-json\/wp\/v2\/categories?post=183668"},{"taxonomy":"post_tag","embeddable":true,"href":"https:\/\/zjarr.tv\/en\/wp-json\/wp\/v2\/tags?post=183668"}],"curies":[{"name":"wp","href":"https:\/\/api.w.org\/{rel}","templated":true}]}}