{"id":183677,"date":"2021-05-21T09:01:01","date_gmt":"2021-05-21T07:01:01","guid":{"rendered":"https:\/\/zjarr.tv\/?p=183677"},"modified":"2021-05-21T09:01:01","modified_gmt":"2021-05-21T07:01:01","slug":"ngriti-padi-ndaj-blinken-kush-eshte-avokati-francez-i-berishes","status":"publish","type":"post","link":"https:\/\/zjarr.tv\/en\/ngriti-padi-ndaj-blinken-kush-eshte-avokati-francez-i-berishes\/","title":{"rendered":"Ngriti padi ndaj Blinken\/ Kush \u00ebsht\u00eb avokati francez i Berish\u00ebs?"},"content":{"rendered":"<p>Jean-Yves Le Borgne, 71-vje\u00e7 kryeson Shoqat\u00ebn e Avokat\u00ebve Penal\u00eb t\u00eb Franc\u00ebs dhe ka mbrojtur n\u00eb gjykatat e k\u00ebtij vendi shum\u00eb personalitete t\u00eb larta politike, si ish-kryetarin e Parisit Jean Tiberi, ish-drejtorin e kabinetit t\u00eb Jacques Chirac dhe biznesmen\u00eb t\u00eb m\u00ebdhenj si ish-bosin e Renault, sip\u00ebrmarr\u00ebsin Carlos Ghosn.<\/p>\n<p>Ai konsiderohet politikisht n\u00eb Franc\u00eb si nj\u00eb golist me prirje nga e majta,si dhe disa her\u00eb ka tentuar t\u00eb hyj\u00eb n\u00eb politik\u00eb.<\/p>\n<p><em>\u201cKam udh\u00ebzuar avokatin tim n\u00eb nj\u00eb vend neutral dhe t\u00eb respektuar, si\u00e7 \u00ebsht\u00eb Franca, q\u00eb t\u00eb ngrej\u00eb ndaj zotit Blinken nj\u00eb padi direkte para Gjykat\u00ebs Korreksionale t\u00eb Parisit, p\u00ebr shpifje publike.<\/em><\/p>\n<p><em>Zoti Blinken mundet ndoshta t\u00eb pretendoj\u00eb se, sipas rregullave si Minist\u00ebr i Pun\u00ebve t\u00eb Jashtme, ai p\u00ebrfiton imunitet. kjo \u00ebsht\u00eb g\u00ebnjesht\u00ebr. <\/em><em>Imuniteti sot vler\u00ebsohet nga gjykatat n\u00eb nj\u00eb m\u00ebnyr\u00eb relative, \u00e7ka do t\u00eb thot\u00eb se, Sekretari Blinken \u00ebsht\u00eb i mbrojtur nga imuniteti kur ai kryen akte normale n\u00eb ushtrimin e funksionit si p\u00ebrfaq\u00ebsues i qeveris\u00eb. <\/em><em>Por duke filluar nga momenti kur zoti Blinken b\u00ebhet autor i nj\u00eb komedie dhe montazhi politik, t\u00eb destinuar p\u00ebr t\u00eb m\u00eb d\u00ebmtuar, kjo nuk hyn n\u00eb funksionin e tij t\u00eb ministrit.<\/em><\/p>\n<p><em>Pra, sipas avokatit q\u00eb un\u00eb kam konsultuar, zoti Blinken nuk \u00ebsht\u00eb i mbrojtur me asnj\u00eb imunitet, ndaj dhe do t\u00eb paditet dhe d\u00ebnohet nga Gjykata Korreksionale e Parisit, n\u00eb t\u00eb cil\u00ebn \u00ebsht\u00eb ngritur padia sot nga avokati im,\u201d<\/em>\u00a0tha Berisha.<\/p>","protected":false},"excerpt":{"rendered":"<p>Jean-Yves Le Borgne, 71-vje\u00e7 kryeson Shoqat\u00ebn e Avokat\u00ebve Penal\u00eb t\u00eb Franc\u00ebs dhe ka mbrojtur n\u00eb gjykatat e k\u00ebtij vendi shum\u00eb personalitete t\u00eb larta politike, si ish-kryetarin e Parisit Jean Tiberi, ish-drejtorin e kabinetit t\u00eb Jacques Chirac dhe biznesmen\u00eb t\u00eb m\u00ebdhenj si ish-bosin e Renault, sip\u00ebrmarr\u00ebsin Carlos Ghosn. Ai konsiderohet politikisht n\u00eb Franc\u00eb si nj\u00eb golist [&hellip;]<\/p>\n","protected":false},"author":2016,"featured_media":183679,"comment_status":"closed","ping_status":"closed","sticky":false,"template":"","format":"standard","meta":{"footnotes":""},"categories":[241],"tags":[3196],"class_list":{"0":"post-183677","1":"post","2":"type-post","3":"status-publish","4":"format-standard","5":"has-post-thumbnail","7":"category-aktualitet","8":"tag-lajme-zjarr-avokati-francez-i-berishes-zjarr-tv"},"_links":{"self":[{"href":"https:\/\/zjarr.tv\/en\/wp-json\/wp\/v2\/posts\/183677","targetHints":{"allow":["GET"]}}],"collection":[{"href":"https:\/\/zjarr.tv\/en\/wp-json\/wp\/v2\/posts"}],"about":[{"href":"https:\/\/zjarr.tv\/en\/wp-json\/wp\/v2\/types\/post"}],"author":[{"embeddable":true,"href":"https:\/\/zjarr.tv\/en\/wp-json\/wp\/v2\/users\/2016"}],"replies":[{"embeddable":true,"href":"https:\/\/zjarr.tv\/en\/wp-json\/wp\/v2\/comments?post=183677"}],"version-history":[{"count":0,"href":"https:\/\/zjarr.tv\/en\/wp-json\/wp\/v2\/posts\/183677\/revisions"}],"wp:featuredmedia":[{"embeddable":true,"href":"https:\/\/zjarr.tv\/en\/wp-json\/wp\/v2\/media\/183679"}],"wp:attachment":[{"href":"https:\/\/zjarr.tv\/en\/wp-json\/wp\/v2\/media?parent=183677"}],"wp:term":[{"taxonomy":"category","embeddable":true,"href":"https:\/\/zjarr.tv\/en\/wp-json\/wp\/v2\/categories?post=183677"},{"taxonomy":"post_tag","embeddable":true,"href":"https:\/\/zjarr.tv\/en\/wp-json\/wp\/v2\/tags?post=183677"}],"curies":[{"name":"wp","href":"https:\/\/api.w.org\/{rel}","templated":true}]}}