{"id":183685,"date":"2021-05-21T09:22:48","date_gmt":"2021-05-21T07:22:48","guid":{"rendered":"https:\/\/zjarr.tv\/?p=183685"},"modified":"2021-05-21T09:22:48","modified_gmt":"2021-05-21T07:22:48","slug":"sali-berisha-nese-gjeni-pasuri-te-fshehta-te-miat-ua-kam-falur","status":"publish","type":"post","link":"https:\/\/zjarr.tv\/en\/sali-berisha-nese-gjeni-pasuri-te-fshehta-te-miat-ua-kam-falur\/","title":{"rendered":"Sali Berisha: N\u00ebse gjeni pasuri t\u00eb fshehta t\u00eb miat, ua kam falur\u2026"},"content":{"rendered":"<p>Ish-kryeministri Sali Berisha, mohon \u00e7do akuz\u00eb t\u00eb b\u00ebr\u00eb nga Departamenti Amerkan i Shtetit q\u00eb e shpalli at\u00eb \u201cnon grata\u201d.<\/p>\n<p><em> \u201cN\u00ebse k\u00ebrkon q\u00eb me deklarata t\u00eb argumentosh at\u00eb q\u00eb pretendon kjo nuk ka baz\u00eb. Deklarata \u00ebsht\u00eb absolutisht pa asnj\u00eb baz\u00eb. E marrim rresht p\u00ebr rresht.<\/em><\/p>\n<p><em>Kurr\u00eb nuk ka patur Sali Berisha akuz\u00eb p\u00ebr keqp\u00ebrdorim t\u00eb fondeve publike, p\u00ebr hir t\u00eb s\u00eb v\u00ebrtet\u00ebs as nga kund\u00ebrshtar\u00ebt m\u00eb t\u00eb err\u00ebt. P\u00ebr Durr\u00ebs \u2013 Kuk\u00ebs ka pasur p\u00ebr ministrin dhe kan\u00eb qen\u00eb t\u00eb gjitha politike.<\/em><\/p>\n<p><em>Sekretarja Amerikane e Shtetit n\u00eb vitin 2009 m\u00eb ka p\u00ebrg\u00ebzuar p\u00ebr pun\u00ebn me Bechtel. Bindja krijohet me fakte. Nuk mund ta kuptoj q\u00eb un\u00eb t\u00eb pasuroj aleat\u00ebt dhe mos pasuroj veten.<\/em><\/p>\n<p><em>Aty ka nonsens. Un\u00eb nuk kam asnj\u00eb t\u00eb dh\u00ebn\u00eb apo dokument q\u00eb sot pas 30 viteve q\u00eb Sali Berisha ka pasuri t\u00eb shtuar. Kam vet\u00ebm 34 met\u00ebr katror m\u00eb shum\u00eb se sa kisha n\u00eb diktatur\u00eb. Cdo pasuri tjet\u00ebr q\u00eb t\u00eb gjeni ua kam falur n\u00ebse e gjeni\u201d<\/em>\u00a0\u2013tha Berisha<\/p>","protected":false},"excerpt":{"rendered":"<p>Ish-kryeministri Sali Berisha, mohon \u00e7do akuz\u00eb t\u00eb b\u00ebr\u00eb nga Departamenti Amerkan i Shtetit q\u00eb e shpalli at\u00eb \u201cnon grata\u201d. \u201cN\u00ebse k\u00ebrkon q\u00eb me deklarata t\u00eb argumentosh at\u00eb q\u00eb pretendon kjo nuk ka baz\u00eb. Deklarata \u00ebsht\u00eb absolutisht pa asnj\u00eb baz\u00eb. E marrim rresht p\u00ebr rresht. Kurr\u00eb nuk ka patur Sali Berisha akuz\u00eb p\u00ebr keqp\u00ebrdorim t\u00eb fondeve [&hellip;]<\/p>\n","protected":false},"author":2016,"featured_media":183687,"comment_status":"closed","ping_status":"closed","sticky":false,"template":"","format":"standard","meta":{"footnotes":""},"categories":[241],"tags":[3197],"class_list":{"0":"post-183685","1":"post","2":"type-post","3":"status-publish","4":"format-standard","5":"has-post-thumbnail","7":"category-aktualitet","8":"tag-lajme-zjarr-berisha-nuk-kam-pasuri-te-fshehur-zjarr-tv"},"_links":{"self":[{"href":"https:\/\/zjarr.tv\/en\/wp-json\/wp\/v2\/posts\/183685","targetHints":{"allow":["GET"]}}],"collection":[{"href":"https:\/\/zjarr.tv\/en\/wp-json\/wp\/v2\/posts"}],"about":[{"href":"https:\/\/zjarr.tv\/en\/wp-json\/wp\/v2\/types\/post"}],"author":[{"embeddable":true,"href":"https:\/\/zjarr.tv\/en\/wp-json\/wp\/v2\/users\/2016"}],"replies":[{"embeddable":true,"href":"https:\/\/zjarr.tv\/en\/wp-json\/wp\/v2\/comments?post=183685"}],"version-history":[{"count":0,"href":"https:\/\/zjarr.tv\/en\/wp-json\/wp\/v2\/posts\/183685\/revisions"}],"wp:featuredmedia":[{"embeddable":true,"href":"https:\/\/zjarr.tv\/en\/wp-json\/wp\/v2\/media\/183687"}],"wp:attachment":[{"href":"https:\/\/zjarr.tv\/en\/wp-json\/wp\/v2\/media?parent=183685"}],"wp:term":[{"taxonomy":"category","embeddable":true,"href":"https:\/\/zjarr.tv\/en\/wp-json\/wp\/v2\/categories?post=183685"},{"taxonomy":"post_tag","embeddable":true,"href":"https:\/\/zjarr.tv\/en\/wp-json\/wp\/v2\/tags?post=183685"}],"curies":[{"name":"wp","href":"https:\/\/api.w.org\/{rel}","templated":true}]}}