{"id":183696,"date":"2021-05-21T09:44:44","date_gmt":"2021-05-21T07:44:44","guid":{"rendered":"https:\/\/zjarr.tv\/?p=183696"},"modified":"2021-05-21T09:44:44","modified_gmt":"2021-05-21T07:44:44","slug":"vendimi-i-dash-per-sali-berishen-artan-hoxha-i-dergon-mesazhin-e-koduar-kryeministrit-rama-per-cfare-behet-fajle","status":"publish","type":"post","link":"https:\/\/zjarr.tv\/en\/vendimi-i-dash-per-sali-berishen-artan-hoxha-i-dergon-mesazhin-e-koduar-kryeministrit-rama-per-cfare-behet-fajle\/","title":{"rendered":"Vendimi i DASH p\u00ebr Sali Berish\u00ebn\/ Artan Hoxha i d\u00ebrgon mesazhin e koduar Kryeministrit Rama\/ P\u00ebr \u00e7far\u00eb b\u00ebhet fajl\u00eb?"},"content":{"rendered":"<p>Gazetarit Artan Hoxha, i ka b\u00ebr\u00eb p\u00ebrshtypje heshtja e Presidentit Ilir Meta dhe e Kryeministrit Edi Rama, lidhur me vendimin e DASH p\u00ebr t\u00eb shpallur non grata Sali Berish\u00ebn.\u00a0<em style=\"font-weight: inherit;\">\u201cMire shkelqesia e tij, Presidenti, eshte zhdukur se po fsheh sfurqet dhe hanxharet qe mprehu para 25 prillit, po udheheqesi Rama, ku ka humbur si spata pa bisht?!<\/em><\/p>\n<p><em style=\"font-weight: inherit;\">Na thuaj nje fjale he burre, sido qe te jete, pse ta ka ngrene macja gjuhen?! Apo ke filluar te degjosh zhurmen e daulles, qe po bie diku larg?!<\/em>\u201d, shkruan Hoxha.<\/p>\n<p><strong style=\"font-style: inherit;\">Postimi i Hoxh\u00ebs:<\/strong><\/p>\n<p><em style=\"font-weight: inherit;\"> \u201cOre, se ky Berisha eklipsoi cdo gje tjeter dje dhe sot\u2026 <\/em><em style=\"font-weight: inherit;\">Mire shkelqesia e tij, Presidenti, eshte zhdukur se po fsheh sfurqet dhe hanxharet qe mprehu para 25 prillit, po udheheqesi Rama, ku ka humbur si spata pa bisht?! <\/em><em style=\"font-weight: inherit;\">Na thuaj nje fjale he burre, sido qe te jete, pse ta ka ngrene macja gjuhen?! <\/em><em style=\"font-weight: inherit;\">Apo ke filluar te degjosh zhurmen e daulles, qe po bie diku larg?! <\/em><em style=\"font-weight: inherit;\">Me duket se tashme loja u hap per te gjithe, thjeshte keni ne dore te mos tregoni shoket.\u201d<\/em>-shkruan Hoxha.<\/p>","protected":false},"excerpt":{"rendered":"<p>Gazetarit Artan Hoxha, i ka b\u00ebr\u00eb p\u00ebrshtypje heshtja e Presidentit Ilir Meta dhe e Kryeministrit Edi Rama, lidhur me vendimin e DASH p\u00ebr t\u00eb shpallur non grata Sali Berish\u00ebn.\u00a0\u201cMire shkelqesia e tij, Presidenti, eshte zhdukur se po fsheh sfurqet dhe hanxharet qe mprehu para 25 prillit, po udheheqesi Rama, ku ka humbur si spata pa [&hellip;]<\/p>\n","protected":false},"author":2016,"featured_media":183698,"comment_status":"closed","ping_status":"closed","sticky":false,"template":"","format":"standard","meta":{"footnotes":""},"categories":[241],"tags":[3199],"class_list":{"0":"post-183696","1":"post","2":"type-post","3":"status-publish","4":"format-standard","5":"has-post-thumbnail","7":"category-aktualitet","8":"tag-lajme-zjarr-artan-hoxha-i-dergon-mesazh-rames-zjarr-tv"},"_links":{"self":[{"href":"https:\/\/zjarr.tv\/en\/wp-json\/wp\/v2\/posts\/183696","targetHints":{"allow":["GET"]}}],"collection":[{"href":"https:\/\/zjarr.tv\/en\/wp-json\/wp\/v2\/posts"}],"about":[{"href":"https:\/\/zjarr.tv\/en\/wp-json\/wp\/v2\/types\/post"}],"author":[{"embeddable":true,"href":"https:\/\/zjarr.tv\/en\/wp-json\/wp\/v2\/users\/2016"}],"replies":[{"embeddable":true,"href":"https:\/\/zjarr.tv\/en\/wp-json\/wp\/v2\/comments?post=183696"}],"version-history":[{"count":0,"href":"https:\/\/zjarr.tv\/en\/wp-json\/wp\/v2\/posts\/183696\/revisions"}],"wp:featuredmedia":[{"embeddable":true,"href":"https:\/\/zjarr.tv\/en\/wp-json\/wp\/v2\/media\/183698"}],"wp:attachment":[{"href":"https:\/\/zjarr.tv\/en\/wp-json\/wp\/v2\/media?parent=183696"}],"wp:term":[{"taxonomy":"category","embeddable":true,"href":"https:\/\/zjarr.tv\/en\/wp-json\/wp\/v2\/categories?post=183696"},{"taxonomy":"post_tag","embeddable":true,"href":"https:\/\/zjarr.tv\/en\/wp-json\/wp\/v2\/tags?post=183696"}],"curies":[{"name":"wp","href":"https:\/\/api.w.org\/{rel}","templated":true}]}}