{"id":183715,"date":"2021-05-21T11:04:58","date_gmt":"2021-05-21T09:04:58","guid":{"rendered":"https:\/\/zjarr.tv\/?p=183715"},"modified":"2021-05-21T11:04:58","modified_gmt":"2021-05-21T09:04:58","slug":"plas-keq-sherri-mes-iris-luarasit-dhe-mark-markut-ku-e-shikon-tek-celulari-im-apo-tek-celulari-jot-cfare-thote-kjo-o-fevzi","status":"publish","type":"post","link":"https:\/\/zjarr.tv\/en\/plas-keq-sherri-mes-iris-luarasit-dhe-mark-markut-ku-e-shikon-tek-celulari-im-apo-tek-celulari-jot-cfare-thote-kjo-o-fevzi\/","title":{"rendered":"Plas keq sherri mes Iris Luarasit dhe Mark Markut: Ku e shikon? Tek celulari im, apo tek celulari jot? \u00c7far\u00eb thot\u00eb kjo o Fevzi?"},"content":{"rendered":"<p>Mbr\u00ebmjen e djeshme, pati nj\u00eb debat t\u00eb ashp\u00ebr n\u00eb emisionin \u201cOpinion\u201d, mes dy profesor\u00ebve t\u00eb Gazetaris\u00eb, Iris Luarasit dhe Mark Markut, i cili n\u00eb Zgjedhjet e 25 Prillit, fitoi mandatin e deputetit n\u00eb Lezh\u00eb n\u00eb radh\u00ebt e PD-s\u00eb. Teksa flisnin p\u00ebr shpalljen non-grata t\u00eb ish-kryeministrit Berisha, Luarasi tha se vendimet e DASH, nuk mund t\u00eb vihen n\u00eb diskutim. Ndryshe mendonin Mark Marku dhe Fahri Balliu, t\u00eb cil\u00ebt madje e pyet\u00ebn Luarasin dhe shtuan: Ku e di ti, ke folur gj\u00eb me Blinken?<\/p>\n<p><strong style=\"font-style: inherit;\">Pjes\u00eb nga debati:<\/strong><\/p>\n<p><strong style=\"font-style: inherit;\">Mark Marku:<\/strong>\u00a0<em style=\"font-weight: inherit;\">Pse kur nd\u00ebrhyn SHBA-ja nuk quhet shkelje<\/em><\/p>\n<p><strong style=\"font-style: inherit;\">Iris Luarasi:<\/strong>\u00a0<em style=\"font-weight: inherit;\">\u00c7\u2019po thua more ku e shikon ndikimin ti<\/em><\/p>\n<p><strong style=\"font-style: inherit;\">Mark Marku:<\/strong>\u00a0<em style=\"font-weight: inherit;\">Ja e shikoj n\u00eb celular<\/em><\/p>\n<p><strong style=\"font-style: inherit;\"> Iris Luarasi:<\/strong>\u00a0<em style=\"font-weight: inherit;\">Tek celulari im, apo tek celulari jot, ku e shikon?<\/em><\/p>\n<p><strong style=\"font-style: inherit;\">Mark Marku:<\/strong>\u00a0<em style=\"font-weight: inherit;\">E shikoj pra<\/em><\/p>\n<p><strong style=\"font-style: inherit;\">Iris Luarasi:<\/strong>\u00a0<em style=\"font-weight: inherit;\">Ajo q\u00eb tha zoti Berisha, q\u00eb e ka filluar procesin p\u00ebr t\u00eb si nj\u00eb personazh civil. Lexoje dhe p\u00ebrktheje mir\u00eb, n\u00eb asnj\u00eb rresht aty nuk p\u00ebrmendet drejt\u00ebsia. Blinken p\u00ebrfaq\u00ebson dik\u00eb, p\u00ebrfaq\u00ebson Departamentin Amerikan t\u00eb Shtetit, nuk del aty sepse ka pir\u00eb nj\u00eb got\u00eb ver\u00eb me Berish\u00ebn.<\/em><\/p>\n<p><strong style=\"font-style: inherit;\">Fahri Balliu:<\/strong>\u00a0<em style=\"font-weight: inherit;\">Po ti ku e di ti, ke fol me Blinken ti?<\/em><\/p>\n<p><em style=\"font-weight: inherit;\">M\u00eb duket \u00e7ik si e ekzagjeruar t\u00eb gjykojm\u00eb k\u00ebto akte<\/em><\/p>\n<p><strong style=\"font-style: inherit;\">Mark Marku:<\/strong>\u00a0<em style=\"font-weight: inherit;\">O pse nuk u gjykuakan, amerikan\u00ebt na gjykojn\u00eb ne, \u00e7far\u00eb thot\u00eb kjo o Fevzi.<\/em><\/p>","protected":false},"excerpt":{"rendered":"<p>Mbr\u00ebmjen e djeshme, pati nj\u00eb debat t\u00eb ashp\u00ebr n\u00eb emisionin \u201cOpinion\u201d, mes dy profesor\u00ebve t\u00eb Gazetaris\u00eb, Iris Luarasit dhe Mark Markut, i cili n\u00eb Zgjedhjet e 25 Prillit, fitoi mandatin e deputetit n\u00eb Lezh\u00eb n\u00eb radh\u00ebt e PD-s\u00eb. Teksa flisnin p\u00ebr shpalljen non-grata t\u00eb ish-kryeministrit Berisha, Luarasi tha se vendimet e DASH, nuk mund t\u00eb [&hellip;]<\/p>\n","protected":false},"author":2016,"featured_media":183717,"comment_status":"closed","ping_status":"closed","sticky":false,"template":"","format":"standard","meta":{"footnotes":""},"categories":[241],"tags":[3204],"class_list":{"0":"post-183715","1":"post","2":"type-post","3":"status-publish","4":"format-standard","5":"has-post-thumbnail","7":"category-aktualitet","8":"tag-lajme-zjarr-plas-keq-mes-iris-luarasit-dhe-markut-zjarr-tv"},"_links":{"self":[{"href":"https:\/\/zjarr.tv\/en\/wp-json\/wp\/v2\/posts\/183715","targetHints":{"allow":["GET"]}}],"collection":[{"href":"https:\/\/zjarr.tv\/en\/wp-json\/wp\/v2\/posts"}],"about":[{"href":"https:\/\/zjarr.tv\/en\/wp-json\/wp\/v2\/types\/post"}],"author":[{"embeddable":true,"href":"https:\/\/zjarr.tv\/en\/wp-json\/wp\/v2\/users\/2016"}],"replies":[{"embeddable":true,"href":"https:\/\/zjarr.tv\/en\/wp-json\/wp\/v2\/comments?post=183715"}],"version-history":[{"count":0,"href":"https:\/\/zjarr.tv\/en\/wp-json\/wp\/v2\/posts\/183715\/revisions"}],"wp:featuredmedia":[{"embeddable":true,"href":"https:\/\/zjarr.tv\/en\/wp-json\/wp\/v2\/media\/183717"}],"wp:attachment":[{"href":"https:\/\/zjarr.tv\/en\/wp-json\/wp\/v2\/media?parent=183715"}],"wp:term":[{"taxonomy":"category","embeddable":true,"href":"https:\/\/zjarr.tv\/en\/wp-json\/wp\/v2\/categories?post=183715"},{"taxonomy":"post_tag","embeddable":true,"href":"https:\/\/zjarr.tv\/en\/wp-json\/wp\/v2\/tags?post=183715"}],"curies":[{"name":"wp","href":"https:\/\/api.w.org\/{rel}","templated":true}]}}