{"id":183741,"date":"2021-05-21T12:52:18","date_gmt":"2021-05-21T10:52:18","guid":{"rendered":"https:\/\/zjarr.tv\/?p=183741"},"modified":"2021-05-21T12:52:18","modified_gmt":"2021-05-21T10:52:18","slug":"deklarata-e-berishes-shtang-blendi-fevziun-shba-te-tentuan-te-emerojne-presidentin","status":"publish","type":"post","link":"https:\/\/zjarr.tv\/en\/deklarata-e-berishes-shtang-blendi-fevziun-shba-te-tentuan-te-emerojne-presidentin\/","title":{"rendered":"Deklarata e Berish\u00ebs shtang Blendi Fevziun: SHBA-t\u00eb tentuan t\u00eb em\u00ebrojn\u00eb Presidentin\u2026"},"content":{"rendered":"<p>Ish-kryeministri Sali Berisha, \u00ebsht\u00eb shprehur se SHBA-t\u00eb kan\u00eb tentuar t\u00eb ndikojn\u00eb n\u00eb Zgjedhjen e Presidentit t\u00eb Republik\u00ebs s\u00eb Shqip\u00ebris\u00eb. Berisha tha n\u00eb \u201cOpinion\u201d se; s\u2019mund t\u00eb pranoj\u00eb kurr\u00eb q\u00eb Shqip\u00ebria t\u00eb jet\u00eb nj\u00eb vend me Guvernator.<\/p>\n<p><em>\u201cNuk mund ta pranoj kurr\u00eb un\u00eb nj\u00eb gj\u00eb t\u00eb till\u00eb, Shqip\u00ebria nuk \u00ebsht\u00eb shteti i 51 i SHBA-ve<\/em>\u201d, theksoi ish-kryeministri. Sipas tij, nj\u00eb gj\u00eb t\u00eb till\u00eb nuk e pranojn\u00eb as SHBA-t\u00eb, edhe n\u00ebse t\u00eb gjith\u00eb shqiptar\u00ebt do t\u00eb ishin dakord. Berisha tha n\u00ebse do t\u00eb ishte k\u00ebshtu, Shqip\u00ebria duhet t\u00eb ec\u00eb me k\u00ebmb\u00ebt e veta, jo duke i caktuar dikush Presidentin e Republik\u00ebs.<\/p>\n<p><strong>Diskutimi:<\/strong><\/p>\n<p><strong>Fevziu:<\/strong>\u00a0<em>Si me caktu Presidentin?<\/em><\/p>\n<p><strong>Fevziu:<\/strong>\u00a0<em>Presidentin e Shqip\u00ebris\u00eb?<\/em><\/p>\n<p><strong>Berisha:<\/strong>\u00a0<em>T\u00eb Shqip\u00ebris\u00eb, po kujt tjet\u00ebr.<\/em><\/p>\n<p><strong>Fevziu:<\/strong>\u00a0<em>Nuk besoj se Ilir Met\u00ebn e kan\u00eb p\u00ebrcaktuar amerikan\u00ebt?<\/em><\/p>\n<p><strong>Berisha:<\/strong>\u00a0<em>Met\u00ebn jo, por a nuk u b\u00eb nj\u00eb p\u00ebrpjekje e madhe p\u00ebr Sand\u00ebr Lleshin? N\u00ebse do t\u00eb ecim n\u00eb k\u00ebt\u00eb m\u00ebnyr\u00eb, Shqip\u00ebria duhet t\u00eb ec\u00eb me k\u00ebmb\u00ebt e veta.<\/em><\/p>","protected":false},"excerpt":{"rendered":"<p>Ish-kryeministri Sali Berisha, \u00ebsht\u00eb shprehur se SHBA-t\u00eb kan\u00eb tentuar t\u00eb ndikojn\u00eb n\u00eb Zgjedhjen e Presidentit t\u00eb Republik\u00ebs s\u00eb Shqip\u00ebris\u00eb. Berisha tha n\u00eb \u201cOpinion\u201d se; s\u2019mund t\u00eb pranoj\u00eb kurr\u00eb q\u00eb Shqip\u00ebria t\u00eb jet\u00eb nj\u00eb vend me Guvernator. \u201cNuk mund ta pranoj kurr\u00eb un\u00eb nj\u00eb gj\u00eb t\u00eb till\u00eb, Shqip\u00ebria nuk \u00ebsht\u00eb shteti i 51 i SHBA-ve\u201d, theksoi [&hellip;]<\/p>\n","protected":false},"author":2016,"featured_media":183743,"comment_status":"closed","ping_status":"closed","sticky":false,"template":"","format":"standard","meta":{"footnotes":""},"categories":[241],"tags":[3209],"class_list":{"0":"post-183741","1":"post","2":"type-post","3":"status-publish","4":"format-standard","5":"has-post-thumbnail","7":"category-aktualitet","8":"tag-lajme-zjarr-berisha-shtang-blendi-fevziun-zjarr-tv"},"_links":{"self":[{"href":"https:\/\/zjarr.tv\/en\/wp-json\/wp\/v2\/posts\/183741","targetHints":{"allow":["GET"]}}],"collection":[{"href":"https:\/\/zjarr.tv\/en\/wp-json\/wp\/v2\/posts"}],"about":[{"href":"https:\/\/zjarr.tv\/en\/wp-json\/wp\/v2\/types\/post"}],"author":[{"embeddable":true,"href":"https:\/\/zjarr.tv\/en\/wp-json\/wp\/v2\/users\/2016"}],"replies":[{"embeddable":true,"href":"https:\/\/zjarr.tv\/en\/wp-json\/wp\/v2\/comments?post=183741"}],"version-history":[{"count":0,"href":"https:\/\/zjarr.tv\/en\/wp-json\/wp\/v2\/posts\/183741\/revisions"}],"wp:featuredmedia":[{"embeddable":true,"href":"https:\/\/zjarr.tv\/en\/wp-json\/wp\/v2\/media\/183743"}],"wp:attachment":[{"href":"https:\/\/zjarr.tv\/en\/wp-json\/wp\/v2\/media?parent=183741"}],"wp:term":[{"taxonomy":"category","embeddable":true,"href":"https:\/\/zjarr.tv\/en\/wp-json\/wp\/v2\/categories?post=183741"},{"taxonomy":"post_tag","embeddable":true,"href":"https:\/\/zjarr.tv\/en\/wp-json\/wp\/v2\/tags?post=183741"}],"curies":[{"name":"wp","href":"https:\/\/api.w.org\/{rel}","templated":true}]}}